{"id":1038,"date":"2021-06-09T15:41:25","date_gmt":"2021-06-09T12:41:25","guid":{"rendered":"https:\/\/www.promens.ee\/?p=1038"},"modified":"2022-01-20T16:12:43","modified_gmt":"2022-01-20T14:12:43","slug":"promens-postimehes","status":"publish","type":"post","link":"https:\/\/www.promens.ee\/en\/promens-postimehes\/","title":{"rendered":"Promens Postimehes!"},"content":{"rendered":"<div data-elementor-type=\"wp-post\" data-elementor-id=\"1038\" class=\"elementor elementor-1038\" data-elementor-post-type=\"post\">\n\t\t\t\t\t\t<section class=\"elementor-section elementor-top-section elementor-element elementor-element-28de35d8 elementor-section-boxed elementor-section-height-default elementor-section-height-default\" data-id=\"28de35d8\" data-element_type=\"section\">\n\t\t\t\t\t\t<div class=\"elementor-container elementor-column-gap-default\">\n\t\t\t\t\t<div class=\"elementor-column elementor-col-100 elementor-top-column elementor-element elementor-element-2bf7a661\" data-id=\"2bf7a661\" data-element_type=\"column\">\n\t\t\t<div class=\"elementor-widget-wrap elementor-element-populated\">\n\t\t\t\t\t\t<div class=\"elementor-element elementor-element-160b7f59 elementor-widget elementor-widget-text-editor\" data-id=\"160b7f59\" data-element_type=\"widget\" data-widget_type=\"text-editor.default\">\n\t\t\t\t<div class=\"elementor-widget-container\">\n\t\t\t\t\t\t\t\t\t\n<p>Promens AS Juhtkonna liikmed andsid kommentaare t\u00f6\u00f6kultuuri, keskkonna ja kohaliku elu edendamise teemadel. K\u00f5netavat sisu leiab nii vana olija kui ka tulevane Promensi meeskonna liige.<\/p>\n\n<p>Avaldame artikli refereeritud kujul:<\/p>\n\n<h2 class=\"wp-block-heading\">Autot\u00f6\u00f6stustele plastdetaile tootev Promens AS pakub p\u00f5nevat t\u00f6\u00f6d ja lisah\u00fcvesid<\/h2>\n\n<p><strong>Peamiselt Skandinaavia veokitootjatele ja maailma juhtivatele t\u00f6\u00f6stusorganisatsioonidele plastdetaile valmistav Promens AS on Eesti \u00fcks suuremaid plastit\u00f6\u00f6stusettev\u00f5tteid. Tartumaal R\u00f5ngus asuv tehas on \u00fchtlasi suurim kohalik t\u00f6\u00f6andja, andes t\u00f6\u00f6d ligi 230 inimesele ja pakkudes\u00a0lisaks p\u00f5nevale t\u00f6\u00f6le ka lisah\u00fcvesid.<\/strong><\/p>\n\n<p>\u00abT\u00f6\u00f6 plastivalutehases on huvitav ja n\u00f5uab nutikust, tehnilist taipu, insenertehnilisi v\u00e4ljakutseid ja disainerioskusi. Aitame klientidel vormida toote\u00adideed konkreetseks ja praktiliseks tooteks, konstrueerides ning disainides selleks uusi lahendusi,\u00bb r\u00e4\u00e4givad Promens ASi juhatuse liikmed Lauri Kiivit ja Kristjan K\u00e4rner. Ettev\u00f5ttes t\u00f6\u00f6tab t\u00e4na 120 meest ja 107 naist vanuses 19\u201375\u00a0alates lao-, kontori- ja tootmist\u00f6\u00f6tajatest hooldus- ja projektijuhtide, mehhatroonikute ning insenerideni.\u00a0Samuti on ettev\u00f5ttesse oodatud praktikandid, sest h\u00e4id spetsialiste pole kunagi palju. T\u00f6\u00f6 tootmises toimub esmasp\u00e4evast reedeni kaheksatunniste t\u00f6\u00f6p\u00e4evadena kolmes vahetuses.<\/p>\n\n<p><a href=\"https:\/\/www.promens.ee\/en\/segmendid\/\">Plasttoodete tootmine<\/a> algas R\u00f5ngus juba aastal 1984, mil tehas hakkas valmistama <a href=\"https:\/\/www.promens.ee\/en\/kastid\/\">plastkaste<\/a>. 1994. aastal ettev\u00f5te erastati ning 2002. aastast on tehas kuulunud erinevatele rahvusvahelise omanikeringiga gruppidele, mis on taganud siinse autot\u00f6\u00f6stusega seotud kompetentsi tekkimise ja kasvu. Alates aastast 2019 kuulub tehas Berry Globali gruppi, mis on maailma suurimaid plastit\u00f6\u00f6tlejaid. Tehases valmivad interj\u00f6\u00f6ridetailid veokitele ja s\u00f5iduautodele kattepaneelidest, kindalaegastest ja riiulitest p\u00e4ikesesirmide ja ventilatsiooniseadmete osadeni. Samuti mootoridetailid: kaablikanalid, \u00f5li- ja jahutusvedeliku torud, \u00f5likorgid, restid, v\u00f5rgud ja rihmakatted. Lisaks valmistab Promens kaste toiduaine- ja detaile elektroonikat\u00f6\u00f6stusele.<\/p>\n\n<p><strong>Ettev\u00f5tte bussid toovad inimesed t\u00f6\u00f6le nii Valgast, T\u00f5rvast kui ka Rannust<\/strong><\/p>\n\n<p>Nii rohelist m\u00f5tlemist kui ka t\u00f6\u00f6tajatest hoolimist n\u00e4itab see, et Promens doteerib t\u00f6\u00f6tajate igap\u00e4evaseks t\u00f6\u00f6letulekuks ja kojuminekuks kolme bussiliini \u2013 R\u00f5ngu-Valga-R\u00f5ngu, R\u00f5ngu-T\u00f5rva-R\u00f5ngu ning R\u00f5ngu-Rannu-R\u00f5ngu. Lisaks makstakse vastavalt kokkuleppele ka transpordih\u00fcvitist.<\/p>\n\n<p>\u00abMeie t\u00f6\u00f6tajad on meile olulised. Nii maksame n\u00e4iteks \u00f6ise vahetuse t\u00f6\u00f6tajatele seaduses miinimumn\u00f5udena m\u00e4\u00e4ratud 1,25-kordse tunnim\u00e4\u00e4ra koefitsiendi asemel 1,5-kordset koefitsienti,\u00bb \u00fctleb ettev\u00f5tte personalijuht \u00dclle Lembke. \u00abOleme alustanud toidu tehasesse transportimist, et inimesed saaksid soovi korral s\u00f6\u00f6nuks kaugemale minemata. Muidugi saavad k\u00f5ik kontorit\u00f6\u00f6tajad vajadusel t\u00f6\u00f6tada kodukontoris \u2013 see oli v\u00f5imalik juba enne koroonat, kuid viimasel aastal on seda t\u00f5esti palju kasutatud. K\u00f5igil tehakse regulaarne tervisekontroll, arvutiga t\u00f6\u00f6tajatele h\u00fcvitatakse prilliklaaside maksumus ning lisaks anname spordih\u00fcvitist kokkulepitud limiidi ulatuses.\u00bb<\/p>\n\n<p><strong>Avatud suhtlemine juhtide ja alluvate vahel loob sooja ning terve sisekliima<\/strong><\/p>\n\n<p>V\u00e4ga oluliseks peetakse ettev\u00f5ttes tervet ja sooja sisekliimat. Juhatuse liikmete s\u00f5nul on selle alus s\u00f5bralik \u00fcksteise sinatamine, avatud suhtlemine ehk k\u00f5ik v\u00f5ivad igal hetkel astuda juhtide juurde, esitada k\u00fcsimusi ja teha ettepanekuid. Lisaks on olemas korraliselt koos k\u00e4iv t\u00f6\u00f6keskkonnan\u00f5ukogu ning ka ameti\u00fchingurakuke, mille kaudu on t\u00f6\u00f6tajatel samuti v\u00f5imalik h\u00e4\u00e4lt kuuldavaks teha. \u00abOluline on, et info ei l\u00e4heks kaduma ning et k\u00f5ik oleksid kursis, mis toimub,\u00bb lisavad nad.<\/p>\n\n<p>\u00a0<\/p>\n\n<p><strong>LOE T\u00c4ISPIKKA ARTIKLIT POSTIMEHEST<\/strong>, <a href=\"https:\/\/majandus.postimees.ee\/7266361\/autotoostustele-plastdetaile-tootev-promens-as-pakub-ponevat-tood-ja-lisahuvesid\">VAJUTADES SIIA <\/a><\/p>\n\t\t\t\t\t\t\t\t<\/div>\n\t\t\t\t<\/div>\n\t\t\t\t<div class=\"elementor-element elementor-element-c00a3c9 elementor-share-buttons--view-icon elementor-share-buttons--align-center elementor-share-buttons--skin-gradient elementor-share-buttons--shape-square elementor-grid-0 elementor-share-buttons--color-official elementor-widget elementor-widget-share-buttons\" data-id=\"c00a3c9\" data-element_type=\"widget\" data-widget_type=\"share-buttons.default\">\n\t\t\t\t<div class=\"elementor-widget-container\">\n\t\t\t\t\t\t\t<div class=\"elementor-grid\" role=\"list\">\n\t\t\t\t\t\t\t\t<div class=\"elementor-grid-item\" role=\"listitem\">\n\t\t\t\t\t\t<div class=\"elementor-share-btn elementor-share-btn_facebook\" role=\"button\" tabindex=\"0\" aria-label=\"Share on facebook\">\n\t\t\t\t\t\t\t\t\t\t\t\t\t\t\t<span class=\"elementor-share-btn__icon\">\n\t\t\t\t\t\t\t\t<svg class=\"e-font-icon-svg e-fab-facebook\" viewbox=\"0 0 512 512\" xmlns=\"http:\/\/www.w3.org\/2000\/svg\"><path d=\"M504 256C504 119 393 8 256 8S8 119 8 256c0 123.78 90.69 226.38 209.25 245V327.69h-63V256h63v-54.64c0-62.15 37-96.48 93.67-96.48 27.14 0 55.52 4.84 55.52 4.84v61h-31.28c-30.8 0-40.41 19.12-40.41 38.73V256h68.78l-11 71.69h-57.78V501C413.31 482.38 504 379.78 504 256z\"><\/path><\/svg>\t\t\t\t\t\t\t<\/span>\n\t\t\t\t\t\t\t\t\t\t\t\t\t\t\t\t\t\t\t\t<\/div>\n\t\t\t\t\t<\/div>\n\t\t\t\t\t\t\t\t\t<div class=\"elementor-grid-item\" role=\"listitem\">\n\t\t\t\t\t\t<div class=\"elementor-share-btn elementor-share-btn_twitter\" role=\"button\" tabindex=\"0\" aria-label=\"Share on twitter\">\n\t\t\t\t\t\t\t\t\t\t\t\t\t\t\t<span class=\"elementor-share-btn__icon\">\n\t\t\t\t\t\t\t\t<svg class=\"e-font-icon-svg e-fab-twitter\" viewbox=\"0 0 512 512\" xmlns=\"http:\/\/www.w3.org\/2000\/svg\"><path d=\"M459.37 151.716c.325 4.548.325 9.097.325 13.645 0 138.72-105.583 298.558-298.558 298.558-59.452 0-114.68-17.219-161.137-47.106 8.447.974 16.568 1.299 25.34 1.299 49.055 0 94.213-16.568 130.274-44.832-46.132-.975-84.792-31.188-98.112-72.772 6.498.974 12.995 1.624 19.818 1.624 9.421 0 18.843-1.3 27.614-3.573-48.081-9.747-84.143-51.98-84.143-102.985v-1.299c13.969 7.797 30.214 12.67 47.431 13.319-28.264-18.843-46.781-51.005-46.781-87.391 0-19.492 5.197-37.36 14.294-52.954 51.655 63.675 129.3 105.258 216.365 109.807-1.624-7.797-2.599-15.918-2.599-24.04 0-57.828 46.782-104.934 104.934-104.934 30.213 0 57.502 12.67 76.67 33.137 23.715-4.548 46.456-13.32 66.599-25.34-7.798 24.366-24.366 44.833-46.132 57.827 21.117-2.273 41.584-8.122 60.426-16.243-14.292 20.791-32.161 39.308-52.628 54.253z\"><\/path><\/svg>\t\t\t\t\t\t\t<\/span>\n\t\t\t\t\t\t\t\t\t\t\t\t\t\t\t\t\t\t\t\t<\/div>\n\t\t\t\t\t<\/div>\n\t\t\t\t\t\t\t\t\t<div class=\"elementor-grid-item\" role=\"listitem\">\n\t\t\t\t\t\t<div class=\"elementor-share-btn elementor-share-btn_linkedin\" role=\"button\" tabindex=\"0\" aria-label=\"Share on linkedin\">\n\t\t\t\t\t\t\t\t\t\t\t\t\t\t\t<span class=\"elementor-share-btn__icon\">\n\t\t\t\t\t\t\t\t<svg class=\"e-font-icon-svg e-fab-linkedin\" viewbox=\"0 0 448 512\" xmlns=\"http:\/\/www.w3.org\/2000\/svg\"><path d=\"M416 32H31.9C14.3 32 0 46.5 0 64.3v383.4C0 465.5 14.3 480 31.9 480H416c17.6 0 32-14.5 32-32.3V64.3c0-17.8-14.4-32.3-32-32.3zM135.4 416H69V202.2h66.5V416zm-33.2-243c-21.3 0-38.5-17.3-38.5-38.5S80.9 96 102.2 96c21.2 0 38.5 17.3 38.5 38.5 0 21.3-17.2 38.5-38.5 38.5zm282.1 243h-66.4V312c0-24.8-.5-56.7-34.5-56.7-34.6 0-39.9 27-39.9 54.9V416h-66.4V202.2h63.7v29.2h.9c8.9-16.8 30.6-34.5 62.9-34.5 67.2 0 79.7 44.3 79.7 101.9V416z\"><\/path><\/svg>\t\t\t\t\t\t\t<\/span>\n\t\t\t\t\t\t\t\t\t\t\t\t\t\t\t\t\t\t\t\t<\/div>\n\t\t\t\t\t<\/div>\n\t\t\t\t\t\t<\/div>\n\t\t\t\t\t\t<\/div>\n\t\t\t\t<\/div>\n\t\t\t\t\t<\/div>\n\t\t<\/div>\n\t\t\t\t\t<\/div>\n\t\t<\/section>\n\t\t\t\t<\/div>","protected":false},"excerpt":{"rendered":"<p>Promens AS Juhtkonna liikmed andsid kommentaare t\u00f6\u00f6kultuuri, keskkonna ja kohaliku elu edendamise teemadel. K\u00f5netavat sisu leiab nii vana olija kui ka tulevane Promensi meeskonna liige. Avaldame artikli refereeritud kujul: Autot\u00f6\u00f6stustele plastdetaile tootev Promens AS pakub p\u00f5nevat t\u00f6\u00f6d ja lisah\u00fcvesid Peamiselt Skandinaavia veokitootjatele ja maailma juhtivatele t\u00f6\u00f6stusorganisatsioonidele plastdetaile valmistav Promens AS on Eesti \u00fcks suuremaid plastit\u00f6\u00f6stusettev\u00f5tteid. [&hellip;]<\/p>","protected":false},"author":1,"featured_media":1073,"comment_status":"closed","ping_status":"open","sticky":false,"template":"","format":"standard","meta":{"ocean_post_layout":"","ocean_both_sidebars_style":"","ocean_both_sidebars_content_width":0,"ocean_both_sidebars_sidebars_width":0,"ocean_sidebar":"0","ocean_second_sidebar":"0","ocean_disable_margins":"enable","ocean_add_body_class":"","ocean_shortcode_before_top_bar":"","ocean_shortcode_after_top_bar":"","ocean_shortcode_before_header":"","ocean_shortcode_after_header":"","ocean_has_shortcode":"","ocean_shortcode_after_title":"","ocean_shortcode_before_footer_widgets":"","ocean_shortcode_after_footer_widgets":"","ocean_shortcode_before_footer_bottom":"","ocean_shortcode_after_footer_bottom":"","ocean_display_top_bar":"default","ocean_display_header":"default","ocean_header_style":"","ocean_center_header_left_menu":"0","ocean_custom_header_template":"0","ocean_custom_logo":0,"ocean_custom_retina_logo":0,"ocean_custom_logo_max_width":0,"ocean_custom_logo_tablet_max_width":0,"ocean_custom_logo_mobile_max_width":0,"ocean_custom_logo_max_height":0,"ocean_custom_logo_tablet_max_height":0,"ocean_custom_logo_mobile_max_height":0,"ocean_header_custom_menu":"0","ocean_menu_typo_font_family":"0","ocean_menu_typo_font_subset":"","ocean_menu_typo_font_size":0,"ocean_menu_typo_font_size_tablet":0,"ocean_menu_typo_font_size_mobile":0,"ocean_menu_typo_font_size_unit":"px","ocean_menu_typo_font_weight":"","ocean_menu_typo_font_weight_tablet":"","ocean_menu_typo_font_weight_mobile":"","ocean_menu_typo_transform":"","ocean_menu_typo_transform_tablet":"","ocean_menu_typo_transform_mobile":"","ocean_menu_typo_line_height":0,"ocean_menu_typo_line_height_tablet":0,"ocean_menu_typo_line_height_mobile":0,"ocean_menu_typo_line_height_unit":"","ocean_menu_typo_spacing":0,"ocean_menu_typo_spacing_tablet":0,"ocean_menu_typo_spacing_mobile":0,"ocean_menu_typo_spacing_unit":"","ocean_menu_link_color":"","ocean_menu_link_color_hover":"","ocean_menu_link_color_active":"","ocean_menu_link_background":"","ocean_menu_link_hover_background":"","ocean_menu_link_active_background":"","ocean_menu_social_links_bg":"","ocean_menu_social_hover_links_bg":"","ocean_menu_social_links_color":"","ocean_menu_social_hover_links_color":"","ocean_disable_title":"default","ocean_disable_heading":"default","ocean_post_title":"","ocean_post_subheading":"","ocean_post_title_style":"","ocean_post_title_background_color":"","ocean_post_title_background":0,"ocean_post_title_bg_image_position":"","ocean_post_title_bg_image_attachment":"","ocean_post_title_bg_image_repeat":"","ocean_post_title_bg_image_size":"","ocean_post_title_height":0,"ocean_post_title_bg_overlay":0.5,"ocean_post_title_bg_overlay_color":"","ocean_disable_breadcrumbs":"default","ocean_breadcrumbs_color":"","ocean_breadcrumbs_separator_color":"","ocean_breadcrumbs_links_color":"","ocean_breadcrumbs_links_hover_color":"","ocean_display_footer_widgets":"default","ocean_display_footer_bottom":"default","ocean_custom_footer_template":"0","ocean_post_oembed":"","ocean_post_self_hosted_media":"","ocean_post_video_embed":"","ocean_link_format":"","ocean_link_format_target":"self","ocean_quote_format":"","ocean_quote_format_link":"post","ocean_gallery_link_images":"off","ocean_gallery_id":[],"footnotes":""},"categories":[75],"tags":[],"class_list":["post-1038","post","type-post","status-publish","format-standard","has-post-thumbnail","hentry","category-uudis","entry","has-media","owp-thumbs-layout-horizontal","owp-btn-normal","owp-tabs-layout-horizontal","has-no-thumbnails","has-product-nav"],"yoast_head":"<!-- This site is optimized with the Yoast SEO plugin v25.6 - https:\/\/yoast.com\/wordpress\/plugins\/seo\/ -->\n<title>Promens R\u00f5ngu AS Uudised &#8226; Promens Postimehes &#8226; Miks meiega liituda?<\/title>\n<meta name=\"description\" content=\"Promens R\u00f5ngu tehas on \u00fchtlasi suurim kohalik t\u00f6\u00f6andja, andes t\u00f6\u00f6d ligi 230 inimesele ja pakkudes lisaks p\u00f5nevale t\u00f6\u00f6le ka lisah\u00fcvesid.\" \/>\n<meta name=\"robots\" content=\"index, follow, max-snippet:-1, max-image-preview:large, max-video-preview:-1\" \/>\n<link rel=\"canonical\" href=\"https:\/\/www.promens.ee\/en\/promens-postimehes\/\" \/>\n<meta property=\"og:locale\" content=\"en_US\" \/>\n<meta property=\"og:type\" content=\"article\" \/>\n<meta property=\"og:title\" content=\"Postimees:&quot;Autot\u00f6\u00f6stustele plastdetaile tootev Promens AS pakub p\u00f5nevat t\u00f6\u00f6d ja lisah\u00fcvesid.&quot;\" \/>\n<meta property=\"og:description\" content=\"Peamiselt Skandinaavia veokitootjatele ja maailma juhtivatele t\u00f6\u00f6stusorganisatsioonidele plastdetaile valmistav Promens AS on Eesti \u00fcks suuremaid plastit\u00f6\u00f6stusettev\u00f5tteid. Tartumaal R\u00f5ngus asuv tehas on \u00fchtlasi suurim kohalik t\u00f6\u00f6andja, andes t\u00f6\u00f6d ligi 230 inimesele ja pakkudes lisaks p\u00f5nevale t\u00f6\u00f6le ka lisah\u00fcvesid.\" \/>\n<meta property=\"og:url\" content=\"https:\/\/www.promens.ee\/en\/promens-postimehes\/\" \/>\n<meta property=\"og:site_name\" content=\"Promens R\u00f5ngu AS\" \/>\n<meta property=\"article:publisher\" content=\"https:\/\/www.facebook.com\/promens.rongu\" \/>\n<meta property=\"article:published_time\" content=\"2021-06-09T12:41:25+00:00\" \/>\n<meta property=\"article:modified_time\" content=\"2022-01-20T14:12:43+00:00\" \/>\n<meta property=\"og:image\" content=\"https:\/\/www.promens.ee\/wp-content\/uploads\/2021\/06\/Promens_arcticle.png\" \/>\n\t<meta property=\"og:image:width\" content=\"940\" \/>\n\t<meta property=\"og:image:height\" content=\"788\" \/>\n\t<meta property=\"og:image:type\" content=\"image\/png\" \/>\n<meta name=\"author\" content=\"Janar\" \/>\n<meta name=\"twitter:card\" content=\"summary_large_image\" \/>\n<meta name=\"twitter:label1\" content=\"Written by\" \/>\n\t<meta name=\"twitter:data1\" content=\"Janar\" \/>\n\t<meta name=\"twitter:label2\" content=\"Est. reading time\" \/>\n\t<meta name=\"twitter:data2\" content=\"2 minutes\" \/>\n<script type=\"application\/ld+json\" class=\"yoast-schema-graph\">{\"@context\":\"https:\/\/schema.org\",\"@graph\":[{\"@type\":\"Article\",\"@id\":\"https:\/\/www.promens.ee\/en\/promens-postimehes\/#article\",\"isPartOf\":{\"@id\":\"https:\/\/www.promens.ee\/en\/promens-postimehes\/\"},\"author\":{\"name\":\"Janar\",\"@id\":\"https:\/\/www.promens.ee\/et\/#\/schema\/person\/b0e088befc0b89778cd78a40a0505354\"},\"headline\":\"Promens Postimehes!\",\"datePublished\":\"2021-06-09T12:41:25+00:00\",\"dateModified\":\"2022-01-20T14:12:43+00:00\",\"mainEntityOfPage\":{\"@id\":\"https:\/\/www.promens.ee\/en\/promens-postimehes\/\"},\"wordCount\":528,\"publisher\":{\"@id\":\"https:\/\/www.promens.ee\/et\/#organization\"},\"image\":{\"@id\":\"https:\/\/www.promens.ee\/en\/promens-postimehes\/#primaryimage\"},\"thumbnailUrl\":\"https:\/\/www.promens.ee\/wp-content\/uploads\/2021\/06\/Promens-AS_news_cover-1024x320-1.png\",\"articleSection\":[\"Uudis\"],\"inLanguage\":\"en-US\"},{\"@type\":\"WebPage\",\"@id\":\"https:\/\/www.promens.ee\/en\/promens-postimehes\/\",\"url\":\"https:\/\/www.promens.ee\/en\/promens-postimehes\/\",\"name\":\"Promens R\u00f5ngu AS Uudised &#8226; Promens Postimehes &#8226; Miks meiega liituda?\",\"isPartOf\":{\"@id\":\"https:\/\/www.promens.ee\/et\/#website\"},\"primaryImageOfPage\":{\"@id\":\"https:\/\/www.promens.ee\/en\/promens-postimehes\/#primaryimage\"},\"image\":{\"@id\":\"https:\/\/www.promens.ee\/en\/promens-postimehes\/#primaryimage\"},\"thumbnailUrl\":\"https:\/\/www.promens.ee\/wp-content\/uploads\/2021\/06\/Promens-AS_news_cover-1024x320-1.png\",\"datePublished\":\"2021-06-09T12:41:25+00:00\",\"dateModified\":\"2022-01-20T14:12:43+00:00\",\"description\":\"Promens R\u00f5ngu tehas on \u00fchtlasi suurim kohalik t\u00f6\u00f6andja, andes t\u00f6\u00f6d ligi 230 inimesele ja pakkudes lisaks p\u00f5nevale t\u00f6\u00f6le ka lisah\u00fcvesid.\",\"breadcrumb\":{\"@id\":\"https:\/\/www.promens.ee\/en\/promens-postimehes\/#breadcrumb\"},\"inLanguage\":\"en-US\",\"potentialAction\":[{\"@type\":\"ReadAction\",\"target\":[\"https:\/\/www.promens.ee\/en\/promens-postimehes\/\"]}]},{\"@type\":\"ImageObject\",\"inLanguage\":\"en-US\",\"@id\":\"https:\/\/www.promens.ee\/en\/promens-postimehes\/#primaryimage\",\"url\":\"https:\/\/www.promens.ee\/wp-content\/uploads\/2021\/06\/Promens-AS_news_cover-1024x320-1.png\",\"contentUrl\":\"https:\/\/www.promens.ee\/wp-content\/uploads\/2021\/06\/Promens-AS_news_cover-1024x320-1.png\",\"width\":1024,\"height\":320},{\"@type\":\"BreadcrumbList\",\"@id\":\"https:\/\/www.promens.ee\/en\/promens-postimehes\/#breadcrumb\",\"itemListElement\":[{\"@type\":\"ListItem\",\"position\":1,\"name\":\"Home\",\"item\":\"https:\/\/www.promens.ee\/et\/\"},{\"@type\":\"ListItem\",\"position\":2,\"name\":\"Promens Postimehes!\"}]},{\"@type\":\"WebSite\",\"@id\":\"https:\/\/www.promens.ee\/et\/#website\",\"url\":\"https:\/\/www.promens.ee\/et\/\",\"name\":\"Promens AS\",\"description\":\"Eesti \u00fcks suurim plastit\u00f6\u00f6stus\",\"publisher\":{\"@id\":\"https:\/\/www.promens.ee\/et\/#organization\"},\"potentialAction\":[{\"@type\":\"SearchAction\",\"target\":{\"@type\":\"EntryPoint\",\"urlTemplate\":\"https:\/\/www.promens.ee\/et\/?s={search_term_string}\"},\"query-input\":{\"@type\":\"PropertyValueSpecification\",\"valueRequired\":true,\"valueName\":\"search_term_string\"}}],\"inLanguage\":\"en-US\"},{\"@type\":\"Organization\",\"@id\":\"https:\/\/www.promens.ee\/et\/#organization\",\"name\":\"Promens AS\",\"url\":\"https:\/\/www.promens.ee\/et\/\",\"logo\":{\"@type\":\"ImageObject\",\"inLanguage\":\"en-US\",\"@id\":\"https:\/\/www.promens.ee\/et\/#\/schema\/logo\/image\/\",\"url\":\"https:\/\/www.promens.ee\/wp-content\/uploads\/2021\/03\/berry-promens-logo-web.png\",\"contentUrl\":\"https:\/\/www.promens.ee\/wp-content\/uploads\/2021\/03\/berry-promens-logo-web.png\",\"width\":244,\"height\":80,\"caption\":\"Promens AS\"},\"image\":{\"@id\":\"https:\/\/www.promens.ee\/et\/#\/schema\/logo\/image\/\"},\"sameAs\":[\"https:\/\/www.facebook.com\/promens.rongu\",\"https:\/\/ee.linkedin.com\/company\/promens-rongu\"]},{\"@type\":\"Person\",\"@id\":\"https:\/\/www.promens.ee\/et\/#\/schema\/person\/b0e088befc0b89778cd78a40a0505354\",\"name\":\"Janar\",\"image\":{\"@type\":\"ImageObject\",\"inLanguage\":\"en-US\",\"@id\":\"https:\/\/www.promens.ee\/et\/#\/schema\/person\/image\/\",\"url\":\"https:\/\/secure.gravatar.com\/avatar\/68a4f6640debc2bc5c9236e28714c573dac7f48a586942157393f983f0999486?s=96&d=mm&r=g\",\"contentUrl\":\"https:\/\/secure.gravatar.com\/avatar\/68a4f6640debc2bc5c9236e28714c573dac7f48a586942157393f983f0999486?s=96&d=mm&r=g\",\"caption\":\"Janar\"},\"description\":\"Arendusjuht\",\"url\":\"https:\/\/www.promens.ee\/en\/author\/janar\/\"}]}<\/script>\n<!-- \/ Yoast SEO plugin. -->","yoast_head_json":{"title":"Promens R\u00f5ngu AS Uudised &#8226; Promens Postimehes &#8226; Miks meiega liituda?","description":"Promens R\u00f5ngu tehas on \u00fchtlasi suurim kohalik t\u00f6\u00f6andja, andes t\u00f6\u00f6d ligi 230 inimesele ja pakkudes lisaks p\u00f5nevale t\u00f6\u00f6le ka lisah\u00fcvesid.","robots":{"index":"index","follow":"follow","max-snippet":"max-snippet:-1","max-image-preview":"max-image-preview:large","max-video-preview":"max-video-preview:-1"},"canonical":"https:\/\/www.promens.ee\/en\/promens-postimehes\/","og_locale":"en_US","og_type":"article","og_title":"Postimees:\"Autot\u00f6\u00f6stustele plastdetaile tootev Promens AS pakub p\u00f5nevat t\u00f6\u00f6d ja lisah\u00fcvesid.\"","og_description":"Peamiselt Skandinaavia veokitootjatele ja maailma juhtivatele t\u00f6\u00f6stusorganisatsioonidele plastdetaile valmistav Promens AS on Eesti \u00fcks suuremaid plastit\u00f6\u00f6stusettev\u00f5tteid. Tartumaal R\u00f5ngus asuv tehas on \u00fchtlasi suurim kohalik t\u00f6\u00f6andja, andes t\u00f6\u00f6d ligi 230 inimesele ja pakkudes lisaks p\u00f5nevale t\u00f6\u00f6le ka lisah\u00fcvesid.","og_url":"https:\/\/www.promens.ee\/en\/promens-postimehes\/","og_site_name":"Promens R\u00f5ngu AS","article_publisher":"https:\/\/www.facebook.com\/promens.rongu","article_published_time":"2021-06-09T12:41:25+00:00","article_modified_time":"2022-01-20T14:12:43+00:00","og_image":[{"width":940,"height":788,"url":"https:\/\/www.promens.ee\/wp-content\/uploads\/2021\/06\/Promens_arcticle.png","type":"image\/png"}],"author":"Janar","twitter_card":"summary_large_image","twitter_misc":{"Written by":"Janar","Est. reading time":"2 minutes"},"schema":{"@context":"https:\/\/schema.org","@graph":[{"@type":"Article","@id":"https:\/\/www.promens.ee\/en\/promens-postimehes\/#article","isPartOf":{"@id":"https:\/\/www.promens.ee\/en\/promens-postimehes\/"},"author":{"name":"Janar","@id":"https:\/\/www.promens.ee\/et\/#\/schema\/person\/b0e088befc0b89778cd78a40a0505354"},"headline":"Promens Postimehes!","datePublished":"2021-06-09T12:41:25+00:00","dateModified":"2022-01-20T14:12:43+00:00","mainEntityOfPage":{"@id":"https:\/\/www.promens.ee\/en\/promens-postimehes\/"},"wordCount":528,"publisher":{"@id":"https:\/\/www.promens.ee\/et\/#organization"},"image":{"@id":"https:\/\/www.promens.ee\/en\/promens-postimehes\/#primaryimage"},"thumbnailUrl":"https:\/\/www.promens.ee\/wp-content\/uploads\/2021\/06\/Promens-AS_news_cover-1024x320-1.png","articleSection":["Uudis"],"inLanguage":"en-US"},{"@type":"WebPage","@id":"https:\/\/www.promens.ee\/en\/promens-postimehes\/","url":"https:\/\/www.promens.ee\/en\/promens-postimehes\/","name":"Promens R\u00f5ngu AS Uudised &#8226; Promens Postimehes &#8226; Miks meiega liituda?","isPartOf":{"@id":"https:\/\/www.promens.ee\/et\/#website"},"primaryImageOfPage":{"@id":"https:\/\/www.promens.ee\/en\/promens-postimehes\/#primaryimage"},"image":{"@id":"https:\/\/www.promens.ee\/en\/promens-postimehes\/#primaryimage"},"thumbnailUrl":"https:\/\/www.promens.ee\/wp-content\/uploads\/2021\/06\/Promens-AS_news_cover-1024x320-1.png","datePublished":"2021-06-09T12:41:25+00:00","dateModified":"2022-01-20T14:12:43+00:00","description":"Promens R\u00f5ngu tehas on \u00fchtlasi suurim kohalik t\u00f6\u00f6andja, andes t\u00f6\u00f6d ligi 230 inimesele ja pakkudes lisaks p\u00f5nevale t\u00f6\u00f6le ka lisah\u00fcvesid.","breadcrumb":{"@id":"https:\/\/www.promens.ee\/en\/promens-postimehes\/#breadcrumb"},"inLanguage":"en-US","potentialAction":[{"@type":"ReadAction","target":["https:\/\/www.promens.ee\/en\/promens-postimehes\/"]}]},{"@type":"ImageObject","inLanguage":"en-US","@id":"https:\/\/www.promens.ee\/en\/promens-postimehes\/#primaryimage","url":"https:\/\/www.promens.ee\/wp-content\/uploads\/2021\/06\/Promens-AS_news_cover-1024x320-1.png","contentUrl":"https:\/\/www.promens.ee\/wp-content\/uploads\/2021\/06\/Promens-AS_news_cover-1024x320-1.png","width":1024,"height":320},{"@type":"BreadcrumbList","@id":"https:\/\/www.promens.ee\/en\/promens-postimehes\/#breadcrumb","itemListElement":[{"@type":"ListItem","position":1,"name":"Home","item":"https:\/\/www.promens.ee\/et\/"},{"@type":"ListItem","position":2,"name":"Promens Postimehes!"}]},{"@type":"WebSite","@id":"https:\/\/www.promens.ee\/et\/#website","url":"https:\/\/www.promens.ee\/et\/","name":"Promens AS","description":"Eesti \u00fcks suurim plastit\u00f6\u00f6stus","publisher":{"@id":"https:\/\/www.promens.ee\/et\/#organization"},"potentialAction":[{"@type":"SearchAction","target":{"@type":"EntryPoint","urlTemplate":"https:\/\/www.promens.ee\/et\/?s={search_term_string}"},"query-input":{"@type":"PropertyValueSpecification","valueRequired":true,"valueName":"search_term_string"}}],"inLanguage":"en-US"},{"@type":"Organization","@id":"https:\/\/www.promens.ee\/et\/#organization","name":"Promens AS","url":"https:\/\/www.promens.ee\/et\/","logo":{"@type":"ImageObject","inLanguage":"en-US","@id":"https:\/\/www.promens.ee\/et\/#\/schema\/logo\/image\/","url":"https:\/\/www.promens.ee\/wp-content\/uploads\/2021\/03\/berry-promens-logo-web.png","contentUrl":"https:\/\/www.promens.ee\/wp-content\/uploads\/2021\/03\/berry-promens-logo-web.png","width":244,"height":80,"caption":"Promens AS"},"image":{"@id":"https:\/\/www.promens.ee\/et\/#\/schema\/logo\/image\/"},"sameAs":["https:\/\/www.facebook.com\/promens.rongu","https:\/\/ee.linkedin.com\/company\/promens-rongu"]},{"@type":"Person","@id":"https:\/\/www.promens.ee\/et\/#\/schema\/person\/b0e088befc0b89778cd78a40a0505354","name":"Janar","image":{"@type":"ImageObject","inLanguage":"en-US","@id":"https:\/\/www.promens.ee\/et\/#\/schema\/person\/image\/","url":"https:\/\/secure.gravatar.com\/avatar\/68a4f6640debc2bc5c9236e28714c573dac7f48a586942157393f983f0999486?s=96&d=mm&r=g","contentUrl":"https:\/\/secure.gravatar.com\/avatar\/68a4f6640debc2bc5c9236e28714c573dac7f48a586942157393f983f0999486?s=96&d=mm&r=g","caption":"Janar"},"description":"Arendusjuht","url":"https:\/\/www.promens.ee\/en\/author\/janar\/"}]}},"_links":{"self":[{"href":"https:\/\/www.promens.ee\/en\/wp-json\/wp\/v2\/posts\/1038","targetHints":{"allow":["GET"]}}],"collection":[{"href":"https:\/\/www.promens.ee\/en\/wp-json\/wp\/v2\/posts"}],"about":[{"href":"https:\/\/www.promens.ee\/en\/wp-json\/wp\/v2\/types\/post"}],"author":[{"embeddable":true,"href":"https:\/\/www.promens.ee\/en\/wp-json\/wp\/v2\/users\/1"}],"replies":[{"embeddable":true,"href":"https:\/\/www.promens.ee\/en\/wp-json\/wp\/v2\/comments?post=1038"}],"version-history":[{"count":0,"href":"https:\/\/www.promens.ee\/en\/wp-json\/wp\/v2\/posts\/1038\/revisions"}],"wp:featuredmedia":[{"embeddable":true,"href":"https:\/\/www.promens.ee\/en\/wp-json\/wp\/v2\/media\/1073"}],"wp:attachment":[{"href":"https:\/\/www.promens.ee\/en\/wp-json\/wp\/v2\/media?parent=1038"}],"wp:term":[{"taxonomy":"category","embeddable":true,"href":"https:\/\/www.promens.ee\/en\/wp-json\/wp\/v2\/categories?post=1038"},{"taxonomy":"post_tag","embeddable":true,"href":"https:\/\/www.promens.ee\/en\/wp-json\/wp\/v2\/tags?post=1038"}],"curies":[{"name":"wp","href":"https:\/\/api.w.org\/{rel}","templated":true}]}}