{"id":1714,"date":"2026-01-16T11:48:56","date_gmt":"2026-01-16T09:48:56","guid":{"rendered":"https:\/\/www.promens.ee\/?p=1714"},"modified":"2026-01-16T11:48:56","modified_gmt":"2026-01-16T09:48:56","slug":"kaks-mahukat-koostooprojekti-ulikoolidega-on-edukalt-loppenud","status":"publish","type":"post","link":"https:\/\/www.promens.ee\/en\/kaks-mahukat-koostooprojekti-ulikoolidega-on-edukalt-loppenud\/","title":{"rendered":"Kaks mahukat koost\u00f6\u00f6projekti \u00fclikoolidega on edukalt l\u00f5ppenud!"},"content":{"rendered":"<p data-start=\"113\" data-end=\"385\"><img decoding=\"async\" class=\"size-medium wp-image-1716 alignleft\" src=\"https:\/\/www.promens.ee\/wp-content\/uploads\/2026\/01\/TLU-logo-pilt-vrv-suur-1-300x115.jpg\" alt=\"\" width=\"300\" height=\"115\" srcset=\"https:\/\/www.promens.ee\/wp-content\/uploads\/2026\/01\/TLU-logo-pilt-vrv-suur-1-300x115.jpg 300w, https:\/\/www.promens.ee\/wp-content\/uploads\/2026\/01\/TLU-logo-pilt-vrv-suur-1-768x295.jpg 768w, https:\/\/www.promens.ee\/wp-content\/uploads\/2026\/01\/TLU-logo-pilt-vrv-suur-1-18x7.jpg 18w, https:\/\/www.promens.ee\/wp-content\/uploads\/2026\/01\/TLU-logo-pilt-vrv-suur-1-600x231.jpg 600w, https:\/\/www.promens.ee\/wp-content\/uploads\/2026\/01\/TLU-logo-pilt-vrv-suur-1.jpg 840w\" sizes=\"(max-width: 300px) 100vw, 300px\" \/>Reedel, 9.01.2026 j\u00f5udsid v\u00e4\u00e4rika l\u00f5puni kaks sisukat ja meie jaoks v\u00e4ga olulist koost\u00f6\u00f6projekti Eesti \u00fclikoolidega. Projektid pakkusid v\u00e4\u00e4rtuslikku anal\u00fc\u00fcsi, praktilisi soovitusi ja v\u00e4rskeid vaatenurki, mis aitavad meil edasi liikuda veelgi teadlikumalt ja s\u00fcsteemsemalt.<\/p>\n<p data-start=\"387\" data-end=\"683\"><span class=\"hover:entity-accent entity-underline inline cursor-pointer align-baseline\"><span class=\"whitespace-normal\">Tallinn University<\/span><\/span> toimunud kutsepraktika tulemuste esitlemisel k\u00f5las eriti tunnustav tagasiside ka koost\u00f6\u00f6partneritelt. Meil on hea meel jagada tsitaati <span class=\"hover:entity-accent entity-underline inline cursor-pointer align-baseline\"><span class=\"whitespace-normal\">Fontes Talent Advisory<\/span><\/span> juhatuse liikmelt ja arendustiimi juhilt <strong data-start=\"639\" data-end=\"680\"><span class=\"hover:entity-accent entity-underline inline cursor-pointer align-baseline\"><span class=\"whitespace-normal\">Piret Jamnes<\/span><\/span><\/strong>:<\/p>\n<blockquote data-start=\"684\" data-end=\"791\">\n<p data-start=\"686\" data-end=\"791\"><em data-start=\"686\" data-end=\"789\">\u201eV\u00f5ib \u00f6elda, et teie grupi t\u00f6\u00f6 oli k\u00f5ige rohkem muljet avaldav nii teostuse kui juhendamise poolest.\u201d<\/em><\/p>\n<\/blockquote>\n<p data-start=\"793\" data-end=\"856\">\n<p data-start=\"793\" data-end=\"856\">\n<p data-start=\"793\" data-end=\"856\"><img fetchpriority=\"high\" decoding=\"async\" class=\"size-medium wp-image-1715 alignleft\" src=\"https:\/\/www.promens.ee\/wp-content\/uploads\/2026\/01\/74001073_tartu-ulikool_45697175_a_xl-300x240.jpg\" alt=\"\" width=\"300\" height=\"240\" srcset=\"https:\/\/www.promens.ee\/wp-content\/uploads\/2026\/01\/74001073_tartu-ulikool_45697175_a_xl-300x240.jpg 300w, https:\/\/www.promens.ee\/wp-content\/uploads\/2026\/01\/74001073_tartu-ulikool_45697175_a_xl-15x12.jpg 15w, https:\/\/www.promens.ee\/wp-content\/uploads\/2026\/01\/74001073_tartu-ulikool_45697175_a_xl.jpg 400w\" sizes=\"(max-width: 300px) 100vw, 300px\" \/><\/p>\n<p data-start=\"858\" data-end=\"1260\">Samal p\u00e4eval esitleti <span class=\"hover:entity-accent entity-underline inline cursor-pointer align-baseline\"><span class=\"whitespace-normal\">University of Tartu<\/span><\/span> Delta \u00f5ppehoones ka strateegilise juhtimise magistrantide l\u00f5put\u00f6id, mis keskendusid <span class=\"hover:entity-accent entity-underline inline cursor-pointer align-baseline\"><span class=\"whitespace-normal\">SAPA Promens R\u00f5ngu<\/span><\/span> t\u00f6\u00f6keskkonna arengule ja tulevikule. Uurimist\u00f6\u00f6, mille eestvedajaks oli <strong data-start=\"1112\" data-end=\"1153\"><span class=\"hover:entity-accent entity-underline inline cursor-pointer align-baseline\"><span class=\"whitespace-normal\">Maaja Vadi<\/span><\/span><\/strong>, andis v\u00e4\u00e4rtusliku sisendi t\u00f6\u00f6tajate hoiakute muutuste m\u00f5istmiseks ning parema t\u00f6\u00f6keskkonna kujundamiseks.<\/p>\n<p data-start=\"1262\" data-end=\"1530\" data-is-last-node=\"\" data-is-only-node=\"\">Suur ait\u00e4h k\u00f5igile tudengitele, juhendajatele ja koost\u00f6\u00f6partneritele panuse, p\u00fchendumuse ja usalduse eest. Need projektid kinnitavad, kui oluline ja m\u00f5jus on sisuline koost\u00f6\u00f6 \u00fclikoolide ja ettev\u00f5tete vahel.<br data-start=\"1468\" data-end=\"1471\" \/>Ootame juba j\u00e4rgmisi inspireerivaid \u00fchiseid ettev\u00f5tmisi!<\/p>\n<p data-start=\"1262\" data-end=\"1530\" data-is-last-node=\"\" data-is-only-node=\"\">\n<p data-start=\"1262\" data-end=\"1530\" data-is-last-node=\"\" data-is-only-node=\"\">\n<p data-start=\"1262\" data-end=\"1530\" data-is-last-node=\"\" data-is-only-node=\"\">\n<p data-start=\"1262\" data-end=\"1530\" data-is-last-node=\"\" data-is-only-node=\"\">\n<p data-start=\"793\" data-end=\"856\">On vaid \u00fcks klassikaline kommentaar: <strong data-start=\"830\" data-end=\"856\">tehtud \u2013 h\u00e4sti tehtud!<\/strong><\/p>\n<p data-start=\"793\" data-end=\"856\">","protected":false},"excerpt":{"rendered":"<p>Reedel, 9.01.2026 j\u00f5udsid v\u00e4\u00e4rika l\u00f5puni kaks sisukat ja meie jaoks v\u00e4ga olulist koost\u00f6\u00f6projekti Eesti \u00fclikoolidega. Projektid pakkusid v\u00e4\u00e4rtuslikku anal\u00fc\u00fcsi, praktilisi soovitusi ja v\u00e4rskeid vaatenurki, mis aitavad meil edasi liikuda veelgi teadlikumalt ja s\u00fcsteemsemalt. Tallinn University toimunud kutsepraktika tulemuste esitlemisel k\u00f5las eriti tunnustav tagasiside ka koost\u00f6\u00f6partneritelt. Meil on hea meel jagada tsitaati Fontes Talent Advisory juhatuse [&hellip;]<\/p>","protected":false},"author":8,"featured_media":0,"comment_status":"closed","ping_status":"open","sticky":false,"template":"","format":"standard","meta":{"ocean_post_layout":"","ocean_both_sidebars_style":"","ocean_both_sidebars_content_width":0,"ocean_both_sidebars_sidebars_width":0,"ocean_sidebar":"","ocean_second_sidebar":"","ocean_disable_margins":"enable","ocean_add_body_class":"","ocean_shortcode_before_top_bar":"","ocean_shortcode_after_top_bar":"","ocean_shortcode_before_header":"","ocean_shortcode_after_header":"","ocean_has_shortcode":"","ocean_shortcode_after_title":"","ocean_shortcode_before_footer_widgets":"","ocean_shortcode_after_footer_widgets":"","ocean_shortcode_before_footer_bottom":"","ocean_shortcode_after_footer_bottom":"","ocean_display_top_bar":"default","ocean_display_header":"default","ocean_header_style":"","ocean_center_header_left_menu":"","ocean_custom_header_template":"","ocean_custom_logo":0,"ocean_custom_retina_logo":0,"ocean_custom_logo_max_width":0,"ocean_custom_logo_tablet_max_width":0,"ocean_custom_logo_mobile_max_width":0,"ocean_custom_logo_max_height":0,"ocean_custom_logo_tablet_max_height":0,"ocean_custom_logo_mobile_max_height":0,"ocean_header_custom_menu":"","ocean_menu_typo_font_family":"","ocean_menu_typo_font_subset":"","ocean_menu_typo_font_size":0,"ocean_menu_typo_font_size_tablet":0,"ocean_menu_typo_font_size_mobile":0,"ocean_menu_typo_font_size_unit":"px","ocean_menu_typo_font_weight":"","ocean_menu_typo_font_weight_tablet":"","ocean_menu_typo_font_weight_mobile":"","ocean_menu_typo_transform":"","ocean_menu_typo_transform_tablet":"","ocean_menu_typo_transform_mobile":"","ocean_menu_typo_line_height":0,"ocean_menu_typo_line_height_tablet":0,"ocean_menu_typo_line_height_mobile":0,"ocean_menu_typo_line_height_unit":"","ocean_menu_typo_spacing":0,"ocean_menu_typo_spacing_tablet":0,"ocean_menu_typo_spacing_mobile":0,"ocean_menu_typo_spacing_unit":"","ocean_menu_link_color":"","ocean_menu_link_color_hover":"","ocean_menu_link_color_active":"","ocean_menu_link_background":"","ocean_menu_link_hover_background":"","ocean_menu_link_active_background":"","ocean_menu_social_links_bg":"","ocean_menu_social_hover_links_bg":"","ocean_menu_social_links_color":"","ocean_menu_social_hover_links_color":"","ocean_disable_title":"default","ocean_disable_heading":"default","ocean_post_title":"","ocean_post_subheading":"","ocean_post_title_style":"","ocean_post_title_background_color":"","ocean_post_title_background":0,"ocean_post_title_bg_image_position":"","ocean_post_title_bg_image_attachment":"","ocean_post_title_bg_image_repeat":"","ocean_post_title_bg_image_size":"","ocean_post_title_height":0,"ocean_post_title_bg_overlay":0.5,"ocean_post_title_bg_overlay_color":"","ocean_disable_breadcrumbs":"default","ocean_breadcrumbs_color":"","ocean_breadcrumbs_separator_color":"","ocean_breadcrumbs_links_color":"","ocean_breadcrumbs_links_hover_color":"","ocean_display_footer_widgets":"default","ocean_display_footer_bottom":"default","ocean_custom_footer_template":"","ocean_post_oembed":"","ocean_post_self_hosted_media":"","ocean_post_video_embed":"","ocean_link_format":"","ocean_link_format_target":"self","ocean_quote_format":"","ocean_quote_format_link":"post","ocean_gallery_link_images":"on","ocean_gallery_id":[],"footnotes":""},"categories":[75],"tags":[],"class_list":["post-1714","post","type-post","status-publish","format-standard","hentry","category-uudis","entry","owp-thumbs-layout-horizontal","owp-btn-normal","owp-tabs-layout-horizontal","has-no-thumbnails","has-product-nav"],"yoast_head":"<!-- This site is optimized with the Yoast SEO plugin v25.6 - https:\/\/yoast.com\/wordpress\/plugins\/seo\/ -->\n<title>Kaks mahukat koost\u00f6\u00f6projekti \u00fclikoolidega on edukalt l\u00f5ppenud! &#8226; Promens R\u00f5ngu AS<\/title>\n<meta name=\"robots\" content=\"index, follow, max-snippet:-1, max-image-preview:large, max-video-preview:-1\" \/>\n<link rel=\"canonical\" href=\"https:\/\/www.promens.ee\/en\/kaks-mahukat-koostooprojekti-ulikoolidega-on-edukalt-loppenud\/\" \/>\n<meta property=\"og:locale\" content=\"en_US\" \/>\n<meta property=\"og:type\" content=\"article\" \/>\n<meta property=\"og:title\" content=\"Kaks mahukat koost\u00f6\u00f6projekti \u00fclikoolidega on edukalt l\u00f5ppenud! &#8226; Promens R\u00f5ngu AS\" \/>\n<meta property=\"og:description\" content=\"Reedel, 9.01.2026 j\u00f5udsid v\u00e4\u00e4rika l\u00f5puni kaks sisukat ja meie jaoks v\u00e4ga olulist koost\u00f6\u00f6projekti Eesti \u00fclikoolidega. Projektid pakkusid v\u00e4\u00e4rtuslikku anal\u00fc\u00fcsi, praktilisi soovitusi ja v\u00e4rskeid vaatenurki, mis aitavad meil edasi liikuda veelgi teadlikumalt ja s\u00fcsteemsemalt. Tallinn University toimunud kutsepraktika tulemuste esitlemisel k\u00f5las eriti tunnustav tagasiside ka koost\u00f6\u00f6partneritelt. Meil on hea meel jagada tsitaati Fontes Talent Advisory juhatuse [&hellip;]\" \/>\n<meta property=\"og:url\" content=\"https:\/\/www.promens.ee\/en\/kaks-mahukat-koostooprojekti-ulikoolidega-on-edukalt-loppenud\/\" \/>\n<meta property=\"og:site_name\" content=\"Promens R\u00f5ngu AS\" \/>\n<meta property=\"article:publisher\" content=\"https:\/\/www.facebook.com\/promens.rongu\" \/>\n<meta property=\"article:published_time\" content=\"2026-01-16T09:48:56+00:00\" \/>\n<meta property=\"og:image\" content=\"https:\/\/www.promens.ee\/wp-content\/uploads\/2026\/01\/TLU-logo-pilt-vrv-suur-1.jpg\" \/>\n\t<meta property=\"og:image:width\" content=\"840\" \/>\n\t<meta property=\"og:image:height\" content=\"323\" \/>\n\t<meta property=\"og:image:type\" content=\"image\/jpeg\" \/>\n<meta name=\"author\" content=\"Maarja-Liis Taul\" \/>\n<meta name=\"twitter:card\" content=\"summary_large_image\" \/>\n<meta name=\"twitter:label1\" content=\"Written by\" \/>\n\t<meta name=\"twitter:data1\" content=\"Maarja-Liis Taul\" \/>\n\t<meta name=\"twitter:label2\" content=\"Est. reading time\" \/>\n\t<meta name=\"twitter:data2\" content=\"2 minutes\" \/>\n<script type=\"application\/ld+json\" class=\"yoast-schema-graph\">{\"@context\":\"https:\/\/schema.org\",\"@graph\":[{\"@type\":\"Article\",\"@id\":\"https:\/\/www.promens.ee\/kaks-mahukat-koostooprojekti-ulikoolidega-on-edukalt-loppenud\/#article\",\"isPartOf\":{\"@id\":\"https:\/\/www.promens.ee\/kaks-mahukat-koostooprojekti-ulikoolidega-on-edukalt-loppenud\/\"},\"author\":{\"name\":\"Maarja-Liis Taul\",\"@id\":\"https:\/\/www.promens.ee\/et\/#\/schema\/person\/f98debc93100faaa99e887dce852bf5e\"},\"headline\":\"Kaks mahukat koost\u00f6\u00f6projekti \u00fclikoolidega on edukalt l\u00f5ppenud!\",\"datePublished\":\"2026-01-16T09:48:56+00:00\",\"mainEntityOfPage\":{\"@id\":\"https:\/\/www.promens.ee\/kaks-mahukat-koostooprojekti-ulikoolidega-on-edukalt-loppenud\/\"},\"wordCount\":195,\"publisher\":{\"@id\":\"https:\/\/www.promens.ee\/et\/#organization\"},\"image\":{\"@id\":\"https:\/\/www.promens.ee\/kaks-mahukat-koostooprojekti-ulikoolidega-on-edukalt-loppenud\/#primaryimage\"},\"thumbnailUrl\":\"https:\/\/www.promens.ee\/wp-content\/uploads\/2026\/01\/TLU-logo-pilt-vrv-suur-1-300x115.jpg\",\"articleSection\":[\"Uudis\"],\"inLanguage\":\"en-US\"},{\"@type\":\"WebPage\",\"@id\":\"https:\/\/www.promens.ee\/kaks-mahukat-koostooprojekti-ulikoolidega-on-edukalt-loppenud\/\",\"url\":\"https:\/\/www.promens.ee\/kaks-mahukat-koostooprojekti-ulikoolidega-on-edukalt-loppenud\/\",\"name\":\"Kaks mahukat koost\u00f6\u00f6projekti \u00fclikoolidega on edukalt l\u00f5ppenud! &#8226; Promens R\u00f5ngu AS\",\"isPartOf\":{\"@id\":\"https:\/\/www.promens.ee\/et\/#website\"},\"primaryImageOfPage\":{\"@id\":\"https:\/\/www.promens.ee\/kaks-mahukat-koostooprojekti-ulikoolidega-on-edukalt-loppenud\/#primaryimage\"},\"image\":{\"@id\":\"https:\/\/www.promens.ee\/kaks-mahukat-koostooprojekti-ulikoolidega-on-edukalt-loppenud\/#primaryimage\"},\"thumbnailUrl\":\"https:\/\/www.promens.ee\/wp-content\/uploads\/2026\/01\/TLU-logo-pilt-vrv-suur-1-300x115.jpg\",\"datePublished\":\"2026-01-16T09:48:56+00:00\",\"breadcrumb\":{\"@id\":\"https:\/\/www.promens.ee\/kaks-mahukat-koostooprojekti-ulikoolidega-on-edukalt-loppenud\/#breadcrumb\"},\"inLanguage\":\"en-US\",\"potentialAction\":[{\"@type\":\"ReadAction\",\"target\":[\"https:\/\/www.promens.ee\/kaks-mahukat-koostooprojekti-ulikoolidega-on-edukalt-loppenud\/\"]}]},{\"@type\":\"ImageObject\",\"inLanguage\":\"en-US\",\"@id\":\"https:\/\/www.promens.ee\/kaks-mahukat-koostooprojekti-ulikoolidega-on-edukalt-loppenud\/#primaryimage\",\"url\":\"https:\/\/www.promens.ee\/wp-content\/uploads\/2026\/01\/TLU-logo-pilt-vrv-suur-1-300x115.jpg\",\"contentUrl\":\"https:\/\/www.promens.ee\/wp-content\/uploads\/2026\/01\/TLU-logo-pilt-vrv-suur-1-300x115.jpg\"},{\"@type\":\"BreadcrumbList\",\"@id\":\"https:\/\/www.promens.ee\/kaks-mahukat-koostooprojekti-ulikoolidega-on-edukalt-loppenud\/#breadcrumb\",\"itemListElement\":[{\"@type\":\"ListItem\",\"position\":1,\"name\":\"Home\",\"item\":\"https:\/\/www.promens.ee\/et\/\"},{\"@type\":\"ListItem\",\"position\":2,\"name\":\"Kaks mahukat koost\u00f6\u00f6projekti \u00fclikoolidega on edukalt l\u00f5ppenud!\"}]},{\"@type\":\"WebSite\",\"@id\":\"https:\/\/www.promens.ee\/et\/#website\",\"url\":\"https:\/\/www.promens.ee\/et\/\",\"name\":\"Promens AS\",\"description\":\"Eesti \u00fcks suurim plastit\u00f6\u00f6stus\",\"publisher\":{\"@id\":\"https:\/\/www.promens.ee\/et\/#organization\"},\"potentialAction\":[{\"@type\":\"SearchAction\",\"target\":{\"@type\":\"EntryPoint\",\"urlTemplate\":\"https:\/\/www.promens.ee\/et\/?s={search_term_string}\"},\"query-input\":{\"@type\":\"PropertyValueSpecification\",\"valueRequired\":true,\"valueName\":\"search_term_string\"}}],\"inLanguage\":\"en-US\"},{\"@type\":\"Organization\",\"@id\":\"https:\/\/www.promens.ee\/et\/#organization\",\"name\":\"Promens AS\",\"url\":\"https:\/\/www.promens.ee\/et\/\",\"logo\":{\"@type\":\"ImageObject\",\"inLanguage\":\"en-US\",\"@id\":\"https:\/\/www.promens.ee\/et\/#\/schema\/logo\/image\/\",\"url\":\"https:\/\/www.promens.ee\/wp-content\/uploads\/2021\/03\/berry-promens-logo-web.png\",\"contentUrl\":\"https:\/\/www.promens.ee\/wp-content\/uploads\/2021\/03\/berry-promens-logo-web.png\",\"width\":244,\"height\":80,\"caption\":\"Promens AS\"},\"image\":{\"@id\":\"https:\/\/www.promens.ee\/et\/#\/schema\/logo\/image\/\"},\"sameAs\":[\"https:\/\/www.facebook.com\/promens.rongu\",\"https:\/\/ee.linkedin.com\/company\/promens-rongu\"]},{\"@type\":\"Person\",\"@id\":\"https:\/\/www.promens.ee\/et\/#\/schema\/person\/f98debc93100faaa99e887dce852bf5e\",\"name\":\"Maarja-Liis Taul\",\"image\":{\"@type\":\"ImageObject\",\"inLanguage\":\"en-US\",\"@id\":\"https:\/\/www.promens.ee\/et\/#\/schema\/person\/image\/\",\"url\":\"https:\/\/secure.gravatar.com\/avatar\/4eab211a6ba3f5b17f76fa634664567c767c06bff5443071695688d04301827f?s=96&d=mm&r=g\",\"contentUrl\":\"https:\/\/secure.gravatar.com\/avatar\/4eab211a6ba3f5b17f76fa634664567c767c06bff5443071695688d04301827f?s=96&d=mm&r=g\",\"caption\":\"Maarja-Liis Taul\"},\"url\":\"https:\/\/www.promens.ee\/en\/author\/maarja-liis\/\"}]}<\/script>\n<!-- \/ Yoast SEO plugin. -->","yoast_head_json":{"title":"Kaks mahukat koost\u00f6\u00f6projekti \u00fclikoolidega on edukalt l\u00f5ppenud! &#8226; Promens R\u00f5ngu AS","robots":{"index":"index","follow":"follow","max-snippet":"max-snippet:-1","max-image-preview":"max-image-preview:large","max-video-preview":"max-video-preview:-1"},"canonical":"https:\/\/www.promens.ee\/en\/kaks-mahukat-koostooprojekti-ulikoolidega-on-edukalt-loppenud\/","og_locale":"en_US","og_type":"article","og_title":"Kaks mahukat koost\u00f6\u00f6projekti \u00fclikoolidega on edukalt l\u00f5ppenud! &#8226; Promens R\u00f5ngu AS","og_description":"Reedel, 9.01.2026 j\u00f5udsid v\u00e4\u00e4rika l\u00f5puni kaks sisukat ja meie jaoks v\u00e4ga olulist koost\u00f6\u00f6projekti Eesti \u00fclikoolidega. Projektid pakkusid v\u00e4\u00e4rtuslikku anal\u00fc\u00fcsi, praktilisi soovitusi ja v\u00e4rskeid vaatenurki, mis aitavad meil edasi liikuda veelgi teadlikumalt ja s\u00fcsteemsemalt. Tallinn University toimunud kutsepraktika tulemuste esitlemisel k\u00f5las eriti tunnustav tagasiside ka koost\u00f6\u00f6partneritelt. Meil on hea meel jagada tsitaati Fontes Talent Advisory juhatuse [&hellip;]","og_url":"https:\/\/www.promens.ee\/en\/kaks-mahukat-koostooprojekti-ulikoolidega-on-edukalt-loppenud\/","og_site_name":"Promens R\u00f5ngu AS","article_publisher":"https:\/\/www.facebook.com\/promens.rongu","article_published_time":"2026-01-16T09:48:56+00:00","og_image":[{"width":840,"height":323,"url":"https:\/\/www.promens.ee\/wp-content\/uploads\/2026\/01\/TLU-logo-pilt-vrv-suur-1.jpg","type":"image\/jpeg"}],"author":"Maarja-Liis Taul","twitter_card":"summary_large_image","twitter_misc":{"Written by":"Maarja-Liis Taul","Est. reading time":"2 minutes"},"schema":{"@context":"https:\/\/schema.org","@graph":[{"@type":"Article","@id":"https:\/\/www.promens.ee\/kaks-mahukat-koostooprojekti-ulikoolidega-on-edukalt-loppenud\/#article","isPartOf":{"@id":"https:\/\/www.promens.ee\/kaks-mahukat-koostooprojekti-ulikoolidega-on-edukalt-loppenud\/"},"author":{"name":"Maarja-Liis Taul","@id":"https:\/\/www.promens.ee\/et\/#\/schema\/person\/f98debc93100faaa99e887dce852bf5e"},"headline":"Kaks mahukat koost\u00f6\u00f6projekti \u00fclikoolidega on edukalt l\u00f5ppenud!","datePublished":"2026-01-16T09:48:56+00:00","mainEntityOfPage":{"@id":"https:\/\/www.promens.ee\/kaks-mahukat-koostooprojekti-ulikoolidega-on-edukalt-loppenud\/"},"wordCount":195,"publisher":{"@id":"https:\/\/www.promens.ee\/et\/#organization"},"image":{"@id":"https:\/\/www.promens.ee\/kaks-mahukat-koostooprojekti-ulikoolidega-on-edukalt-loppenud\/#primaryimage"},"thumbnailUrl":"https:\/\/www.promens.ee\/wp-content\/uploads\/2026\/01\/TLU-logo-pilt-vrv-suur-1-300x115.jpg","articleSection":["Uudis"],"inLanguage":"en-US"},{"@type":"WebPage","@id":"https:\/\/www.promens.ee\/kaks-mahukat-koostooprojekti-ulikoolidega-on-edukalt-loppenud\/","url":"https:\/\/www.promens.ee\/kaks-mahukat-koostooprojekti-ulikoolidega-on-edukalt-loppenud\/","name":"Kaks mahukat koost\u00f6\u00f6projekti \u00fclikoolidega on edukalt l\u00f5ppenud! &#8226; Promens R\u00f5ngu AS","isPartOf":{"@id":"https:\/\/www.promens.ee\/et\/#website"},"primaryImageOfPage":{"@id":"https:\/\/www.promens.ee\/kaks-mahukat-koostooprojekti-ulikoolidega-on-edukalt-loppenud\/#primaryimage"},"image":{"@id":"https:\/\/www.promens.ee\/kaks-mahukat-koostooprojekti-ulikoolidega-on-edukalt-loppenud\/#primaryimage"},"thumbnailUrl":"https:\/\/www.promens.ee\/wp-content\/uploads\/2026\/01\/TLU-logo-pilt-vrv-suur-1-300x115.jpg","datePublished":"2026-01-16T09:48:56+00:00","breadcrumb":{"@id":"https:\/\/www.promens.ee\/kaks-mahukat-koostooprojekti-ulikoolidega-on-edukalt-loppenud\/#breadcrumb"},"inLanguage":"en-US","potentialAction":[{"@type":"ReadAction","target":["https:\/\/www.promens.ee\/kaks-mahukat-koostooprojekti-ulikoolidega-on-edukalt-loppenud\/"]}]},{"@type":"ImageObject","inLanguage":"en-US","@id":"https:\/\/www.promens.ee\/kaks-mahukat-koostooprojekti-ulikoolidega-on-edukalt-loppenud\/#primaryimage","url":"https:\/\/www.promens.ee\/wp-content\/uploads\/2026\/01\/TLU-logo-pilt-vrv-suur-1-300x115.jpg","contentUrl":"https:\/\/www.promens.ee\/wp-content\/uploads\/2026\/01\/TLU-logo-pilt-vrv-suur-1-300x115.jpg"},{"@type":"BreadcrumbList","@id":"https:\/\/www.promens.ee\/kaks-mahukat-koostooprojekti-ulikoolidega-on-edukalt-loppenud\/#breadcrumb","itemListElement":[{"@type":"ListItem","position":1,"name":"Home","item":"https:\/\/www.promens.ee\/et\/"},{"@type":"ListItem","position":2,"name":"Kaks mahukat koost\u00f6\u00f6projekti \u00fclikoolidega on edukalt l\u00f5ppenud!"}]},{"@type":"WebSite","@id":"https:\/\/www.promens.ee\/et\/#website","url":"https:\/\/www.promens.ee\/et\/","name":"Promens AS","description":"Eesti \u00fcks suurim plastit\u00f6\u00f6stus","publisher":{"@id":"https:\/\/www.promens.ee\/et\/#organization"},"potentialAction":[{"@type":"SearchAction","target":{"@type":"EntryPoint","urlTemplate":"https:\/\/www.promens.ee\/et\/?s={search_term_string}"},"query-input":{"@type":"PropertyValueSpecification","valueRequired":true,"valueName":"search_term_string"}}],"inLanguage":"en-US"},{"@type":"Organization","@id":"https:\/\/www.promens.ee\/et\/#organization","name":"Promens AS","url":"https:\/\/www.promens.ee\/et\/","logo":{"@type":"ImageObject","inLanguage":"en-US","@id":"https:\/\/www.promens.ee\/et\/#\/schema\/logo\/image\/","url":"https:\/\/www.promens.ee\/wp-content\/uploads\/2021\/03\/berry-promens-logo-web.png","contentUrl":"https:\/\/www.promens.ee\/wp-content\/uploads\/2021\/03\/berry-promens-logo-web.png","width":244,"height":80,"caption":"Promens AS"},"image":{"@id":"https:\/\/www.promens.ee\/et\/#\/schema\/logo\/image\/"},"sameAs":["https:\/\/www.facebook.com\/promens.rongu","https:\/\/ee.linkedin.com\/company\/promens-rongu"]},{"@type":"Person","@id":"https:\/\/www.promens.ee\/et\/#\/schema\/person\/f98debc93100faaa99e887dce852bf5e","name":"Maarja-Liis Taul","image":{"@type":"ImageObject","inLanguage":"en-US","@id":"https:\/\/www.promens.ee\/et\/#\/schema\/person\/image\/","url":"https:\/\/secure.gravatar.com\/avatar\/4eab211a6ba3f5b17f76fa634664567c767c06bff5443071695688d04301827f?s=96&d=mm&r=g","contentUrl":"https:\/\/secure.gravatar.com\/avatar\/4eab211a6ba3f5b17f76fa634664567c767c06bff5443071695688d04301827f?s=96&d=mm&r=g","caption":"Maarja-Liis Taul"},"url":"https:\/\/www.promens.ee\/en\/author\/maarja-liis\/"}]}},"_links":{"self":[{"href":"https:\/\/www.promens.ee\/en\/wp-json\/wp\/v2\/posts\/1714","targetHints":{"allow":["GET"]}}],"collection":[{"href":"https:\/\/www.promens.ee\/en\/wp-json\/wp\/v2\/posts"}],"about":[{"href":"https:\/\/www.promens.ee\/en\/wp-json\/wp\/v2\/types\/post"}],"author":[{"embeddable":true,"href":"https:\/\/www.promens.ee\/en\/wp-json\/wp\/v2\/users\/8"}],"replies":[{"embeddable":true,"href":"https:\/\/www.promens.ee\/en\/wp-json\/wp\/v2\/comments?post=1714"}],"version-history":[{"count":0,"href":"https:\/\/www.promens.ee\/en\/wp-json\/wp\/v2\/posts\/1714\/revisions"}],"wp:attachment":[{"href":"https:\/\/www.promens.ee\/en\/wp-json\/wp\/v2\/media?parent=1714"}],"wp:term":[{"taxonomy":"category","embeddable":true,"href":"https:\/\/www.promens.ee\/en\/wp-json\/wp\/v2\/categories?post=1714"},{"taxonomy":"post_tag","embeddable":true,"href":"https:\/\/www.promens.ee\/en\/wp-json\/wp\/v2\/tags?post=1714"}],"curies":[{"name":"wp","href":"https:\/\/api.w.org\/{rel}","templated":true}]}}