{"id":1721,"date":"2026-01-16T13:55:15","date_gmt":"2026-01-16T11:55:15","guid":{"rendered":"https:\/\/www.promens.ee\/?p=1721"},"modified":"2026-01-16T13:55:15","modified_gmt":"2026-01-16T11:55:15","slug":"eesti-masinatoostuse-liidu-visiit-promens-rongu-tehasesse-16-jaanuar-2026","status":"publish","type":"post","link":"https:\/\/www.promens.ee\/en\/eesti-masinatoostuse-liidu-visiit-promens-rongu-tehasesse-16-jaanuar-2026\/","title":{"rendered":"Eesti Masinat\u00f6\u00f6stuse Liidu visiit Promens R\u00f5ngu tehasesse 16.jaanuar 2026"},"content":{"rendered":"<p>T\u00e4na, 16. jaanuaril, k\u00fclastas Promens R\u00f5ngut delegatsioon <span class=\"html-span xdj266r x14z9mp xat24cr x1lziwak xexx8yu xyri2b x18d9i69 x1c1uobl x1hl2dhg x16tdsg8 x1vvkbs\"><a class=\"x1i10hfl xjbqb8w x1ejq31n x18oe1m7 x1sy0etr xstzfhl x972fbf x10w94by x1qhh985 x14e42zd x9f619 x1ypdohk xt0psk2 x3ct3a4 xdj266r x14z9mp xat24cr x1lziwak xexx8yu xyri2b x18d9i69 x1c1uobl x16tdsg8 x1hl2dhg xggy1nq x1a2a7pz xkrqix3 x1sur9pj x1fey0fg x1s688f\" tabindex=\"0\" role=\"link\" href=\"https:\/\/www.facebook.com\/profile.php?id=100082326952210&amp;__cft__[0]=AZYFvr2tiB5WB1xyZpvwxV-ozTRtidRdMMVS9Z_VeUCCLboRVSkhmGIC8YSDnnVG_PVU3nhOnjMvIk6iRI1zgow7Eu_DuF6fk__kyWHkF9zcKFxfLIJkKMswIs7XerLUFpvdrL20zdExVzpZc7DTLR8hAjY155x9Sm40XK6jgs4ZqreRL9t7oq97Cuv_z1G2X5M&amp;__tn__=-]K-R\"><span class=\"xt0psk2\"><span class=\"xjp7ctv\">Eesti Masinat\u00f6\u00f6stuse<\/span><\/span><\/a><\/span> Liidust. K\u00fclastuse eesm\u00e4rk oli saada kogemuse m\u00f5ttes pilk teise valdkonna tehasesse ning tulla teadlikult vaatama midagi muud kui tavap\u00e4rane masina- v\u00f5i metallit\u00f6\u00f6stus. Delegatsiooni huvitas, miks just Promens R\u00f5ngu \u2013 eelk\u00f5ige meie digitaliseerimise ja automatiseerimise teekond, seni tehtu, tulevikuplaanid ning sellega kaasnevad v\u00e4ljakutsed. P\u00e4eva jooksul toimus tehase tuur ja ettev\u00f5tte tutvustus, kus jagasime oma kogemusi, edulugu ja \u00f5ppetunde. Hea meel oli n\u00e4ha, et k\u00fclalisi inspireeris v\u00f5imalus n\u00e4ha, kuidas digitaliseerimist ja automatiseerimist saab edukalt rakendada ka teises t\u00f6\u00f6stusharus. <img fetchpriority=\"high\" decoding=\"async\" class=\"wp-image-1722 aligncenter\" src=\"https:\/\/www.promens.ee\/wp-content\/uploads\/2026\/01\/Image-78-300x225.jpg\" alt=\"\" width=\"380\" height=\"285\" srcset=\"https:\/\/www.promens.ee\/wp-content\/uploads\/2026\/01\/Image-78-300x225.jpg 300w, https:\/\/www.promens.ee\/wp-content\/uploads\/2026\/01\/Image-78-1024x768.jpg 1024w, https:\/\/www.promens.ee\/wp-content\/uploads\/2026\/01\/Image-78-768x576.jpg 768w, https:\/\/www.promens.ee\/wp-content\/uploads\/2026\/01\/Image-78-1536x1152.jpg 1536w, https:\/\/www.promens.ee\/wp-content\/uploads\/2026\/01\/Image-78-2048x1536.jpg 2048w, https:\/\/www.promens.ee\/wp-content\/uploads\/2026\/01\/Image-78-16x12.jpg 16w, https:\/\/www.promens.ee\/wp-content\/uploads\/2026\/01\/Image-78-600x450.jpg 600w\" sizes=\"(max-width: 380px) 100vw, 380px\" \/><\/p>","protected":false},"excerpt":{"rendered":"<p>T\u00e4na, 16. jaanuaril, k\u00fclastas Promens R\u00f5ngut delegatsioon Eesti Masinat\u00f6\u00f6stuse Liidust. K\u00fclastuse eesm\u00e4rk oli saada kogemuse m\u00f5ttes pilk teise valdkonna tehasesse ning tulla teadlikult vaatama midagi muud kui tavap\u00e4rane masina- v\u00f5i metallit\u00f6\u00f6stus. Delegatsiooni huvitas, miks just Promens R\u00f5ngu \u2013 eelk\u00f5ige meie digitaliseerimise ja automatiseerimise teekond, seni tehtu, tulevikuplaanid ning sellega kaasnevad v\u00e4ljakutsed. P\u00e4eva jooksul toimus tehase [&hellip;]<\/p>","protected":false},"author":8,"featured_media":0,"comment_status":"closed","ping_status":"open","sticky":false,"template":"","format":"standard","meta":{"ocean_post_layout":"","ocean_both_sidebars_style":"","ocean_both_sidebars_content_width":0,"ocean_both_sidebars_sidebars_width":0,"ocean_sidebar":"","ocean_second_sidebar":"","ocean_disable_margins":"enable","ocean_add_body_class":"","ocean_shortcode_before_top_bar":"","ocean_shortcode_after_top_bar":"","ocean_shortcode_before_header":"","ocean_shortcode_after_header":"","ocean_has_shortcode":"","ocean_shortcode_after_title":"","ocean_shortcode_before_footer_widgets":"","ocean_shortcode_after_footer_widgets":"","ocean_shortcode_before_footer_bottom":"","ocean_shortcode_after_footer_bottom":"","ocean_display_top_bar":"default","ocean_display_header":"default","ocean_header_style":"","ocean_center_header_left_menu":"","ocean_custom_header_template":"","ocean_custom_logo":0,"ocean_custom_retina_logo":0,"ocean_custom_logo_max_width":0,"ocean_custom_logo_tablet_max_width":0,"ocean_custom_logo_mobile_max_width":0,"ocean_custom_logo_max_height":0,"ocean_custom_logo_tablet_max_height":0,"ocean_custom_logo_mobile_max_height":0,"ocean_header_custom_menu":"","ocean_menu_typo_font_family":"","ocean_menu_typo_font_subset":"","ocean_menu_typo_font_size":0,"ocean_menu_typo_font_size_tablet":0,"ocean_menu_typo_font_size_mobile":0,"ocean_menu_typo_font_size_unit":"px","ocean_menu_typo_font_weight":"","ocean_menu_typo_font_weight_tablet":"","ocean_menu_typo_font_weight_mobile":"","ocean_menu_typo_transform":"","ocean_menu_typo_transform_tablet":"","ocean_menu_typo_transform_mobile":"","ocean_menu_typo_line_height":0,"ocean_menu_typo_line_height_tablet":0,"ocean_menu_typo_line_height_mobile":0,"ocean_menu_typo_line_height_unit":"","ocean_menu_typo_spacing":0,"ocean_menu_typo_spacing_tablet":0,"ocean_menu_typo_spacing_mobile":0,"ocean_menu_typo_spacing_unit":"","ocean_menu_link_color":"","ocean_menu_link_color_hover":"","ocean_menu_link_color_active":"","ocean_menu_link_background":"","ocean_menu_link_hover_background":"","ocean_menu_link_active_background":"","ocean_menu_social_links_bg":"","ocean_menu_social_hover_links_bg":"","ocean_menu_social_links_color":"","ocean_menu_social_hover_links_color":"","ocean_disable_title":"default","ocean_disable_heading":"default","ocean_post_title":"","ocean_post_subheading":"","ocean_post_title_style":"","ocean_post_title_background_color":"","ocean_post_title_background":0,"ocean_post_title_bg_image_position":"","ocean_post_title_bg_image_attachment":"","ocean_post_title_bg_image_repeat":"","ocean_post_title_bg_image_size":"","ocean_post_title_height":0,"ocean_post_title_bg_overlay":0.5,"ocean_post_title_bg_overlay_color":"","ocean_disable_breadcrumbs":"default","ocean_breadcrumbs_color":"","ocean_breadcrumbs_separator_color":"","ocean_breadcrumbs_links_color":"","ocean_breadcrumbs_links_hover_color":"","ocean_display_footer_widgets":"default","ocean_display_footer_bottom":"default","ocean_custom_footer_template":"","ocean_post_oembed":"","ocean_post_self_hosted_media":"","ocean_post_video_embed":"","ocean_link_format":"","ocean_link_format_target":"self","ocean_quote_format":"","ocean_quote_format_link":"post","ocean_gallery_link_images":"on","ocean_gallery_id":[],"footnotes":""},"categories":[75],"tags":[],"class_list":["post-1721","post","type-post","status-publish","format-standard","hentry","category-uudis","entry","owp-thumbs-layout-horizontal","owp-btn-normal","owp-tabs-layout-horizontal","has-no-thumbnails","has-product-nav"],"yoast_head":"<!-- This site is optimized with the Yoast SEO plugin v25.6 - https:\/\/yoast.com\/wordpress\/plugins\/seo\/ -->\n<title>Eesti Masinat\u00f6\u00f6stuse Liidu visiit Promens R\u00f5ngu tehasesse 16.jaanuar 2026 &#8226; Promens R\u00f5ngu AS<\/title>\n<meta name=\"robots\" content=\"index, follow, max-snippet:-1, max-image-preview:large, max-video-preview:-1\" \/>\n<link rel=\"canonical\" href=\"https:\/\/www.promens.ee\/en\/eesti-masinatoostuse-liidu-visiit-promens-rongu-tehasesse-16-jaanuar-2026\/\" \/>\n<meta property=\"og:locale\" content=\"en_US\" \/>\n<meta property=\"og:type\" content=\"article\" \/>\n<meta property=\"og:title\" content=\"Eesti Masinat\u00f6\u00f6stuse Liidu visiit Promens R\u00f5ngu tehasesse 16.jaanuar 2026 &#8226; Promens R\u00f5ngu AS\" \/>\n<meta property=\"og:description\" content=\"T\u00e4na, 16. jaanuaril, k\u00fclastas Promens R\u00f5ngut delegatsioon Eesti Masinat\u00f6\u00f6stuse Liidust. K\u00fclastuse eesm\u00e4rk oli saada kogemuse m\u00f5ttes pilk teise valdkonna tehasesse ning tulla teadlikult vaatama midagi muud kui tavap\u00e4rane masina- v\u00f5i metallit\u00f6\u00f6stus. Delegatsiooni huvitas, miks just Promens R\u00f5ngu \u2013 eelk\u00f5ige meie digitaliseerimise ja automatiseerimise teekond, seni tehtu, tulevikuplaanid ning sellega kaasnevad v\u00e4ljakutsed. P\u00e4eva jooksul toimus tehase [&hellip;]\" \/>\n<meta property=\"og:url\" content=\"https:\/\/www.promens.ee\/en\/eesti-masinatoostuse-liidu-visiit-promens-rongu-tehasesse-16-jaanuar-2026\/\" \/>\n<meta property=\"og:site_name\" content=\"Promens R\u00f5ngu AS\" \/>\n<meta property=\"article:publisher\" content=\"https:\/\/www.facebook.com\/promens.rongu\" \/>\n<meta property=\"article:published_time\" content=\"2026-01-16T11:55:15+00:00\" \/>\n<meta property=\"og:image\" content=\"https:\/\/www.promens.ee\/wp-content\/uploads\/2026\/01\/Image-78-scaled.jpg\" \/>\n\t<meta property=\"og:image:width\" content=\"2560\" \/>\n\t<meta property=\"og:image:height\" content=\"1920\" \/>\n\t<meta property=\"og:image:type\" content=\"image\/jpeg\" \/>\n<meta name=\"author\" content=\"Maarja-Liis Taul\" \/>\n<meta name=\"twitter:card\" content=\"summary_large_image\" \/>\n<meta name=\"twitter:label1\" content=\"Written by\" \/>\n\t<meta name=\"twitter:data1\" content=\"Maarja-Liis Taul\" \/>\n\t<meta name=\"twitter:label2\" content=\"Est. reading time\" \/>\n\t<meta name=\"twitter:data2\" content=\"1 minute\" \/>\n<script type=\"application\/ld+json\" class=\"yoast-schema-graph\">{\"@context\":\"https:\/\/schema.org\",\"@graph\":[{\"@type\":\"Article\",\"@id\":\"https:\/\/www.promens.ee\/eesti-masinatoostuse-liidu-visiit-promens-rongu-tehasesse-16-jaanuar-2026\/#article\",\"isPartOf\":{\"@id\":\"https:\/\/www.promens.ee\/eesti-masinatoostuse-liidu-visiit-promens-rongu-tehasesse-16-jaanuar-2026\/\"},\"author\":{\"name\":\"Maarja-Liis Taul\",\"@id\":\"https:\/\/www.promens.ee\/et\/#\/schema\/person\/f98debc93100faaa99e887dce852bf5e\"},\"headline\":\"Eesti Masinat\u00f6\u00f6stuse Liidu visiit Promens R\u00f5ngu tehasesse 16.jaanuar 2026\",\"datePublished\":\"2026-01-16T11:55:15+00:00\",\"mainEntityOfPage\":{\"@id\":\"https:\/\/www.promens.ee\/eesti-masinatoostuse-liidu-visiit-promens-rongu-tehasesse-16-jaanuar-2026\/\"},\"wordCount\":113,\"publisher\":{\"@id\":\"https:\/\/www.promens.ee\/et\/#organization\"},\"image\":{\"@id\":\"https:\/\/www.promens.ee\/eesti-masinatoostuse-liidu-visiit-promens-rongu-tehasesse-16-jaanuar-2026\/#primaryimage\"},\"thumbnailUrl\":\"https:\/\/www.promens.ee\/wp-content\/uploads\/2026\/01\/Image-78-300x225.jpg\",\"articleSection\":[\"Uudis\"],\"inLanguage\":\"en-US\"},{\"@type\":\"WebPage\",\"@id\":\"https:\/\/www.promens.ee\/eesti-masinatoostuse-liidu-visiit-promens-rongu-tehasesse-16-jaanuar-2026\/\",\"url\":\"https:\/\/www.promens.ee\/eesti-masinatoostuse-liidu-visiit-promens-rongu-tehasesse-16-jaanuar-2026\/\",\"name\":\"Eesti Masinat\u00f6\u00f6stuse Liidu visiit Promens R\u00f5ngu tehasesse 16.jaanuar 2026 &#8226; Promens R\u00f5ngu AS\",\"isPartOf\":{\"@id\":\"https:\/\/www.promens.ee\/et\/#website\"},\"primaryImageOfPage\":{\"@id\":\"https:\/\/www.promens.ee\/eesti-masinatoostuse-liidu-visiit-promens-rongu-tehasesse-16-jaanuar-2026\/#primaryimage\"},\"image\":{\"@id\":\"https:\/\/www.promens.ee\/eesti-masinatoostuse-liidu-visiit-promens-rongu-tehasesse-16-jaanuar-2026\/#primaryimage\"},\"thumbnailUrl\":\"https:\/\/www.promens.ee\/wp-content\/uploads\/2026\/01\/Image-78-300x225.jpg\",\"datePublished\":\"2026-01-16T11:55:15+00:00\",\"breadcrumb\":{\"@id\":\"https:\/\/www.promens.ee\/eesti-masinatoostuse-liidu-visiit-promens-rongu-tehasesse-16-jaanuar-2026\/#breadcrumb\"},\"inLanguage\":\"en-US\",\"potentialAction\":[{\"@type\":\"ReadAction\",\"target\":[\"https:\/\/www.promens.ee\/eesti-masinatoostuse-liidu-visiit-promens-rongu-tehasesse-16-jaanuar-2026\/\"]}]},{\"@type\":\"ImageObject\",\"inLanguage\":\"en-US\",\"@id\":\"https:\/\/www.promens.ee\/eesti-masinatoostuse-liidu-visiit-promens-rongu-tehasesse-16-jaanuar-2026\/#primaryimage\",\"url\":\"https:\/\/www.promens.ee\/wp-content\/uploads\/2026\/01\/Image-78-300x225.jpg\",\"contentUrl\":\"https:\/\/www.promens.ee\/wp-content\/uploads\/2026\/01\/Image-78-300x225.jpg\"},{\"@type\":\"BreadcrumbList\",\"@id\":\"https:\/\/www.promens.ee\/eesti-masinatoostuse-liidu-visiit-promens-rongu-tehasesse-16-jaanuar-2026\/#breadcrumb\",\"itemListElement\":[{\"@type\":\"ListItem\",\"position\":1,\"name\":\"Home\",\"item\":\"https:\/\/www.promens.ee\/et\/\"},{\"@type\":\"ListItem\",\"position\":2,\"name\":\"Eesti Masinat\u00f6\u00f6stuse Liidu visiit Promens R\u00f5ngu tehasesse 16.jaanuar 2026\"}]},{\"@type\":\"WebSite\",\"@id\":\"https:\/\/www.promens.ee\/et\/#website\",\"url\":\"https:\/\/www.promens.ee\/et\/\",\"name\":\"Promens AS\",\"description\":\"Eesti \u00fcks suurim plastit\u00f6\u00f6stus\",\"publisher\":{\"@id\":\"https:\/\/www.promens.ee\/et\/#organization\"},\"potentialAction\":[{\"@type\":\"SearchAction\",\"target\":{\"@type\":\"EntryPoint\",\"urlTemplate\":\"https:\/\/www.promens.ee\/et\/?s={search_term_string}\"},\"query-input\":{\"@type\":\"PropertyValueSpecification\",\"valueRequired\":true,\"valueName\":\"search_term_string\"}}],\"inLanguage\":\"en-US\"},{\"@type\":\"Organization\",\"@id\":\"https:\/\/www.promens.ee\/et\/#organization\",\"name\":\"Promens AS\",\"url\":\"https:\/\/www.promens.ee\/et\/\",\"logo\":{\"@type\":\"ImageObject\",\"inLanguage\":\"en-US\",\"@id\":\"https:\/\/www.promens.ee\/et\/#\/schema\/logo\/image\/\",\"url\":\"https:\/\/www.promens.ee\/wp-content\/uploads\/2021\/03\/berry-promens-logo-web.png\",\"contentUrl\":\"https:\/\/www.promens.ee\/wp-content\/uploads\/2021\/03\/berry-promens-logo-web.png\",\"width\":244,\"height\":80,\"caption\":\"Promens AS\"},\"image\":{\"@id\":\"https:\/\/www.promens.ee\/et\/#\/schema\/logo\/image\/\"},\"sameAs\":[\"https:\/\/www.facebook.com\/promens.rongu\",\"https:\/\/ee.linkedin.com\/company\/promens-rongu\"]},{\"@type\":\"Person\",\"@id\":\"https:\/\/www.promens.ee\/et\/#\/schema\/person\/f98debc93100faaa99e887dce852bf5e\",\"name\":\"Maarja-Liis Taul\",\"image\":{\"@type\":\"ImageObject\",\"inLanguage\":\"en-US\",\"@id\":\"https:\/\/www.promens.ee\/et\/#\/schema\/person\/image\/\",\"url\":\"https:\/\/secure.gravatar.com\/avatar\/4eab211a6ba3f5b17f76fa634664567c767c06bff5443071695688d04301827f?s=96&d=mm&r=g\",\"contentUrl\":\"https:\/\/secure.gravatar.com\/avatar\/4eab211a6ba3f5b17f76fa634664567c767c06bff5443071695688d04301827f?s=96&d=mm&r=g\",\"caption\":\"Maarja-Liis Taul\"},\"url\":\"https:\/\/www.promens.ee\/en\/author\/maarja-liis\/\"}]}<\/script>\n<!-- \/ Yoast SEO plugin. -->","yoast_head_json":{"title":"Eesti Masinat\u00f6\u00f6stuse Liidu visiit Promens R\u00f5ngu tehasesse 16.jaanuar 2026 &#8226; Promens R\u00f5ngu AS","robots":{"index":"index","follow":"follow","max-snippet":"max-snippet:-1","max-image-preview":"max-image-preview:large","max-video-preview":"max-video-preview:-1"},"canonical":"https:\/\/www.promens.ee\/en\/eesti-masinatoostuse-liidu-visiit-promens-rongu-tehasesse-16-jaanuar-2026\/","og_locale":"en_US","og_type":"article","og_title":"Eesti Masinat\u00f6\u00f6stuse Liidu visiit Promens R\u00f5ngu tehasesse 16.jaanuar 2026 &#8226; Promens R\u00f5ngu AS","og_description":"T\u00e4na, 16. jaanuaril, k\u00fclastas Promens R\u00f5ngut delegatsioon Eesti Masinat\u00f6\u00f6stuse Liidust. K\u00fclastuse eesm\u00e4rk oli saada kogemuse m\u00f5ttes pilk teise valdkonna tehasesse ning tulla teadlikult vaatama midagi muud kui tavap\u00e4rane masina- v\u00f5i metallit\u00f6\u00f6stus. Delegatsiooni huvitas, miks just Promens R\u00f5ngu \u2013 eelk\u00f5ige meie digitaliseerimise ja automatiseerimise teekond, seni tehtu, tulevikuplaanid ning sellega kaasnevad v\u00e4ljakutsed. P\u00e4eva jooksul toimus tehase [&hellip;]","og_url":"https:\/\/www.promens.ee\/en\/eesti-masinatoostuse-liidu-visiit-promens-rongu-tehasesse-16-jaanuar-2026\/","og_site_name":"Promens R\u00f5ngu AS","article_publisher":"https:\/\/www.facebook.com\/promens.rongu","article_published_time":"2026-01-16T11:55:15+00:00","og_image":[{"width":2560,"height":1920,"url":"https:\/\/www.promens.ee\/wp-content\/uploads\/2026\/01\/Image-78-scaled.jpg","type":"image\/jpeg"}],"author":"Maarja-Liis Taul","twitter_card":"summary_large_image","twitter_misc":{"Written by":"Maarja-Liis Taul","Est. reading time":"1 minute"},"schema":{"@context":"https:\/\/schema.org","@graph":[{"@type":"Article","@id":"https:\/\/www.promens.ee\/eesti-masinatoostuse-liidu-visiit-promens-rongu-tehasesse-16-jaanuar-2026\/#article","isPartOf":{"@id":"https:\/\/www.promens.ee\/eesti-masinatoostuse-liidu-visiit-promens-rongu-tehasesse-16-jaanuar-2026\/"},"author":{"name":"Maarja-Liis Taul","@id":"https:\/\/www.promens.ee\/et\/#\/schema\/person\/f98debc93100faaa99e887dce852bf5e"},"headline":"Eesti Masinat\u00f6\u00f6stuse Liidu visiit Promens R\u00f5ngu tehasesse 16.jaanuar 2026","datePublished":"2026-01-16T11:55:15+00:00","mainEntityOfPage":{"@id":"https:\/\/www.promens.ee\/eesti-masinatoostuse-liidu-visiit-promens-rongu-tehasesse-16-jaanuar-2026\/"},"wordCount":113,"publisher":{"@id":"https:\/\/www.promens.ee\/et\/#organization"},"image":{"@id":"https:\/\/www.promens.ee\/eesti-masinatoostuse-liidu-visiit-promens-rongu-tehasesse-16-jaanuar-2026\/#primaryimage"},"thumbnailUrl":"https:\/\/www.promens.ee\/wp-content\/uploads\/2026\/01\/Image-78-300x225.jpg","articleSection":["Uudis"],"inLanguage":"en-US"},{"@type":"WebPage","@id":"https:\/\/www.promens.ee\/eesti-masinatoostuse-liidu-visiit-promens-rongu-tehasesse-16-jaanuar-2026\/","url":"https:\/\/www.promens.ee\/eesti-masinatoostuse-liidu-visiit-promens-rongu-tehasesse-16-jaanuar-2026\/","name":"Eesti Masinat\u00f6\u00f6stuse Liidu visiit Promens R\u00f5ngu tehasesse 16.jaanuar 2026 &#8226; Promens R\u00f5ngu AS","isPartOf":{"@id":"https:\/\/www.promens.ee\/et\/#website"},"primaryImageOfPage":{"@id":"https:\/\/www.promens.ee\/eesti-masinatoostuse-liidu-visiit-promens-rongu-tehasesse-16-jaanuar-2026\/#primaryimage"},"image":{"@id":"https:\/\/www.promens.ee\/eesti-masinatoostuse-liidu-visiit-promens-rongu-tehasesse-16-jaanuar-2026\/#primaryimage"},"thumbnailUrl":"https:\/\/www.promens.ee\/wp-content\/uploads\/2026\/01\/Image-78-300x225.jpg","datePublished":"2026-01-16T11:55:15+00:00","breadcrumb":{"@id":"https:\/\/www.promens.ee\/eesti-masinatoostuse-liidu-visiit-promens-rongu-tehasesse-16-jaanuar-2026\/#breadcrumb"},"inLanguage":"en-US","potentialAction":[{"@type":"ReadAction","target":["https:\/\/www.promens.ee\/eesti-masinatoostuse-liidu-visiit-promens-rongu-tehasesse-16-jaanuar-2026\/"]}]},{"@type":"ImageObject","inLanguage":"en-US","@id":"https:\/\/www.promens.ee\/eesti-masinatoostuse-liidu-visiit-promens-rongu-tehasesse-16-jaanuar-2026\/#primaryimage","url":"https:\/\/www.promens.ee\/wp-content\/uploads\/2026\/01\/Image-78-300x225.jpg","contentUrl":"https:\/\/www.promens.ee\/wp-content\/uploads\/2026\/01\/Image-78-300x225.jpg"},{"@type":"BreadcrumbList","@id":"https:\/\/www.promens.ee\/eesti-masinatoostuse-liidu-visiit-promens-rongu-tehasesse-16-jaanuar-2026\/#breadcrumb","itemListElement":[{"@type":"ListItem","position":1,"name":"Home","item":"https:\/\/www.promens.ee\/et\/"},{"@type":"ListItem","position":2,"name":"Eesti Masinat\u00f6\u00f6stuse Liidu visiit Promens R\u00f5ngu tehasesse 16.jaanuar 2026"}]},{"@type":"WebSite","@id":"https:\/\/www.promens.ee\/et\/#website","url":"https:\/\/www.promens.ee\/et\/","name":"Promens AS","description":"Eesti \u00fcks suurim plastit\u00f6\u00f6stus","publisher":{"@id":"https:\/\/www.promens.ee\/et\/#organization"},"potentialAction":[{"@type":"SearchAction","target":{"@type":"EntryPoint","urlTemplate":"https:\/\/www.promens.ee\/et\/?s={search_term_string}"},"query-input":{"@type":"PropertyValueSpecification","valueRequired":true,"valueName":"search_term_string"}}],"inLanguage":"en-US"},{"@type":"Organization","@id":"https:\/\/www.promens.ee\/et\/#organization","name":"Promens AS","url":"https:\/\/www.promens.ee\/et\/","logo":{"@type":"ImageObject","inLanguage":"en-US","@id":"https:\/\/www.promens.ee\/et\/#\/schema\/logo\/image\/","url":"https:\/\/www.promens.ee\/wp-content\/uploads\/2021\/03\/berry-promens-logo-web.png","contentUrl":"https:\/\/www.promens.ee\/wp-content\/uploads\/2021\/03\/berry-promens-logo-web.png","width":244,"height":80,"caption":"Promens AS"},"image":{"@id":"https:\/\/www.promens.ee\/et\/#\/schema\/logo\/image\/"},"sameAs":["https:\/\/www.facebook.com\/promens.rongu","https:\/\/ee.linkedin.com\/company\/promens-rongu"]},{"@type":"Person","@id":"https:\/\/www.promens.ee\/et\/#\/schema\/person\/f98debc93100faaa99e887dce852bf5e","name":"Maarja-Liis Taul","image":{"@type":"ImageObject","inLanguage":"en-US","@id":"https:\/\/www.promens.ee\/et\/#\/schema\/person\/image\/","url":"https:\/\/secure.gravatar.com\/avatar\/4eab211a6ba3f5b17f76fa634664567c767c06bff5443071695688d04301827f?s=96&d=mm&r=g","contentUrl":"https:\/\/secure.gravatar.com\/avatar\/4eab211a6ba3f5b17f76fa634664567c767c06bff5443071695688d04301827f?s=96&d=mm&r=g","caption":"Maarja-Liis Taul"},"url":"https:\/\/www.promens.ee\/en\/author\/maarja-liis\/"}]}},"_links":{"self":[{"href":"https:\/\/www.promens.ee\/en\/wp-json\/wp\/v2\/posts\/1721","targetHints":{"allow":["GET"]}}],"collection":[{"href":"https:\/\/www.promens.ee\/en\/wp-json\/wp\/v2\/posts"}],"about":[{"href":"https:\/\/www.promens.ee\/en\/wp-json\/wp\/v2\/types\/post"}],"author":[{"embeddable":true,"href":"https:\/\/www.promens.ee\/en\/wp-json\/wp\/v2\/users\/8"}],"replies":[{"embeddable":true,"href":"https:\/\/www.promens.ee\/en\/wp-json\/wp\/v2\/comments?post=1721"}],"version-history":[{"count":0,"href":"https:\/\/www.promens.ee\/en\/wp-json\/wp\/v2\/posts\/1721\/revisions"}],"wp:attachment":[{"href":"https:\/\/www.promens.ee\/en\/wp-json\/wp\/v2\/media?parent=1721"}],"wp:term":[{"taxonomy":"category","embeddable":true,"href":"https:\/\/www.promens.ee\/en\/wp-json\/wp\/v2\/categories?post=1721"},{"taxonomy":"post_tag","embeddable":true,"href":"https:\/\/www.promens.ee\/en\/wp-json\/wp\/v2\/tags?post=1721"}],"curies":[{"name":"wp","href":"https:\/\/api.w.org\/{rel}","templated":true}]}}