{"id":1372,"date":"2022-01-21T09:25:46","date_gmt":"2022-01-21T07:25:46","guid":{"rendered":"https:\/\/www.promens.ee\/?p=1372"},"modified":"2022-01-21T09:25:46","modified_gmt":"2022-01-21T07:25:46","slug":"promens-vottis-osa-postimees-grupp-as-ja-mtu-koos-laste-heaks-heategevusprojektist","status":"publish","type":"post","link":"https:\/\/www.promens.ee\/et\/promens-vottis-osa-postimees-grupp-as-ja-mtu-koos-laste-heaks-heategevusprojektist\/","title":{"rendered":"Promens v\u00f5ttis osa Postimees Grupp AS ja MT\u00dc Koos Laste Heaks heategevusprojektist"},"content":{"rendered":"<p><img fetchpriority=\"high\" decoding=\"async\" class=\"alignnone size-medium wp-image-1373 aligncenter\" src=\"https:\/\/www.promens.ee\/wp-content\/uploads\/2022\/01\/tanukiri-212x300.jpg\" alt=\"\" width=\"212\" height=\"300\" srcset=\"https:\/\/www.promens.ee\/wp-content\/uploads\/2022\/01\/tanukiri-212x300.jpg 212w, https:\/\/www.promens.ee\/wp-content\/uploads\/2022\/01\/tanukiri-8x12.jpg 8w, https:\/\/www.promens.ee\/wp-content\/uploads\/2022\/01\/tanukiri-600x849.jpg 600w, https:\/\/www.promens.ee\/wp-content\/uploads\/2022\/01\/tanukiri.jpg 712w\" sizes=\"(max-width: 212px) 100vw, 212px\" \/><\/p>\n<p style=\"text-align: center;\">Promens osales eelmisel aastal Postimees Grupp AS ja MT\u00dc Koos Laste Heaks heategevusprojektis, mis kandis nime \u201eEdukad aitavad puudustkannatavaid lapsi\u201c, mille raames aidatakse majandusraskustes perekondi, et nende laste toidulaud saaks natukenegi rikkalikumaks.<\/p>\n<p style=\"text-align: center;\">Projektiraames koguti sel aastal 55 000\u20ac, millest said lisa oma toidulauale 684 pere 1375 last.<\/p>\n<div class=\"text_exposed_show\">\n<p style=\"text-align: center;\">Loodame, et see panus muutis v\u00e4hemasti m\u00f5ne pere olukorra natukenegi muretumaks ja lapsed r\u00f5\u00f5msamaks.<\/p>\n<p style=\"text-align: center;\">On hea meel t\u00f5deda, et meie k\u00f5igi jaoks elementaarsena tunduv t\u00e4isv\u00e4\u00e4rtuslik toiduvalik, j\u00f5udis l\u00e4bi toreda algatuse sadadesse kodudesse.<\/p>\n<\/div>\n","protected":false},"excerpt":{"rendered":"<p>Promens osales eelmisel aastal Postimees Grupp AS ja MT\u00dc Koos Laste Heaks heategevusprojektis, mis kandis nime \u201eEdukad aitavad puudustkannatavaid lapsi\u201c, mille raames aidatakse majandusraskustes perekondi, et nende laste toidulaud saaks natukenegi rikkalikumaks. Projektiraames koguti sel aastal 55 000\u20ac, millest said lisa oma toidulauale 684 pere 1375 last. Loodame, et see panus muutis v\u00e4hemasti m\u00f5ne pere [&hellip;]<\/p>\n","protected":false},"author":8,"featured_media":0,"comment_status":"closed","ping_status":"open","sticky":false,"template":"","format":"standard","meta":{"ocean_post_layout":"","ocean_both_sidebars_style":"","ocean_both_sidebars_content_width":0,"ocean_both_sidebars_sidebars_width":0,"ocean_sidebar":"","ocean_second_sidebar":"","ocean_disable_margins":"enable","ocean_add_body_class":"","ocean_shortcode_before_top_bar":"","ocean_shortcode_after_top_bar":"","ocean_shortcode_before_header":"","ocean_shortcode_after_header":"","ocean_has_shortcode":"","ocean_shortcode_after_title":"","ocean_shortcode_before_footer_widgets":"","ocean_shortcode_after_footer_widgets":"","ocean_shortcode_before_footer_bottom":"","ocean_shortcode_after_footer_bottom":"","ocean_display_top_bar":"default","ocean_display_header":"default","ocean_header_style":"","ocean_center_header_left_menu":"","ocean_custom_header_template":"","ocean_custom_logo":0,"ocean_custom_retina_logo":0,"ocean_custom_logo_max_width":0,"ocean_custom_logo_tablet_max_width":0,"ocean_custom_logo_mobile_max_width":0,"ocean_custom_logo_max_height":0,"ocean_custom_logo_tablet_max_height":0,"ocean_custom_logo_mobile_max_height":0,"ocean_header_custom_menu":"","ocean_menu_typo_font_family":"","ocean_menu_typo_font_subset":"","ocean_menu_typo_font_size":0,"ocean_menu_typo_font_size_tablet":0,"ocean_menu_typo_font_size_mobile":0,"ocean_menu_typo_font_size_unit":"px","ocean_menu_typo_font_weight":"","ocean_menu_typo_font_weight_tablet":"","ocean_menu_typo_font_weight_mobile":"","ocean_menu_typo_transform":"","ocean_menu_typo_transform_tablet":"","ocean_menu_typo_transform_mobile":"","ocean_menu_typo_line_height":0,"ocean_menu_typo_line_height_tablet":0,"ocean_menu_typo_line_height_mobile":0,"ocean_menu_typo_line_height_unit":"","ocean_menu_typo_spacing":0,"ocean_menu_typo_spacing_tablet":0,"ocean_menu_typo_spacing_mobile":0,"ocean_menu_typo_spacing_unit":"","ocean_menu_link_color":"","ocean_menu_link_color_hover":"","ocean_menu_link_color_active":"","ocean_menu_link_background":"","ocean_menu_link_hover_background":"","ocean_menu_link_active_background":"","ocean_menu_social_links_bg":"","ocean_menu_social_hover_links_bg":"","ocean_menu_social_links_color":"","ocean_menu_social_hover_links_color":"","ocean_disable_title":"default","ocean_disable_heading":"default","ocean_post_title":"","ocean_post_subheading":"","ocean_post_title_style":"","ocean_post_title_background_color":"","ocean_post_title_background":0,"ocean_post_title_bg_image_position":"","ocean_post_title_bg_image_attachment":"","ocean_post_title_bg_image_repeat":"","ocean_post_title_bg_image_size":"","ocean_post_title_height":0,"ocean_post_title_bg_overlay":0.5,"ocean_post_title_bg_overlay_color":"","ocean_disable_breadcrumbs":"default","ocean_breadcrumbs_color":"","ocean_breadcrumbs_separator_color":"","ocean_breadcrumbs_links_color":"","ocean_breadcrumbs_links_hover_color":"","ocean_display_footer_widgets":"default","ocean_display_footer_bottom":"default","ocean_custom_footer_template":"","ocean_post_oembed":"","ocean_post_self_hosted_media":"","ocean_post_video_embed":"","ocean_link_format":"","ocean_link_format_target":"self","ocean_quote_format":"","ocean_quote_format_link":"post","ocean_gallery_link_images":"off","ocean_gallery_id":[],"footnotes":""},"categories":[75],"tags":[],"class_list":["post-1372","post","type-post","status-publish","format-standard","hentry","category-uudis","entry","owp-thumbs-layout-horizontal","owp-btn-normal","owp-tabs-layout-horizontal","has-no-thumbnails","has-product-nav"],"yoast_head":"<!-- This site is optimized with the Yoast SEO plugin v25.6 - https:\/\/yoast.com\/wordpress\/plugins\/seo\/ -->\n<title>Promens v\u00f5ttis osa Postimees Grupp AS ja MT\u00dc Koos Laste Heaks heategevusprojektist &#8226; Promens R\u00f5ngu AS<\/title>\n<meta name=\"robots\" content=\"index, follow, max-snippet:-1, max-image-preview:large, max-video-preview:-1\" \/>\n<link rel=\"canonical\" href=\"https:\/\/www.promens.ee\/et\/promens-vottis-osa-postimees-grupp-as-ja-mtu-koos-laste-heaks-heategevusprojektist\/\" \/>\n<meta property=\"og:locale\" content=\"et_EE\" \/>\n<meta property=\"og:type\" content=\"article\" \/>\n<meta property=\"og:title\" content=\"Promens v\u00f5ttis osa Postimees Grupp AS ja MT\u00dc Koos Laste Heaks heategevusprojektist &#8226; Promens R\u00f5ngu AS\" \/>\n<meta property=\"og:description\" content=\"Promens osales eelmisel aastal Postimees Grupp AS ja MT\u00dc Koos Laste Heaks heategevusprojektis, mis kandis nime \u201eEdukad aitavad puudustkannatavaid lapsi\u201c, mille raames aidatakse majandusraskustes perekondi, et nende laste toidulaud saaks natukenegi rikkalikumaks. Projektiraames koguti sel aastal 55 000\u20ac, millest said lisa oma toidulauale 684 pere 1375 last. Loodame, et see panus muutis v\u00e4hemasti m\u00f5ne pere [&hellip;]\" \/>\n<meta property=\"og:url\" content=\"https:\/\/www.promens.ee\/et\/promens-vottis-osa-postimees-grupp-as-ja-mtu-koos-laste-heaks-heategevusprojektist\/\" \/>\n<meta property=\"og:site_name\" content=\"Promens R\u00f5ngu AS\" \/>\n<meta property=\"article:publisher\" content=\"https:\/\/www.facebook.com\/promens.rongu\" \/>\n<meta property=\"article:published_time\" content=\"2022-01-21T07:25:46+00:00\" \/>\n<meta property=\"og:image\" content=\"https:\/\/www.promens.ee\/wp-content\/uploads\/2022\/01\/tanukiri-212x300.jpg\" \/>\n<meta name=\"author\" content=\"Maarja-Liis Taul\" \/>\n<meta name=\"twitter:card\" content=\"summary_large_image\" \/>\n<meta name=\"twitter:label1\" content=\"Written by\" \/>\n\t<meta name=\"twitter:data1\" content=\"Maarja-Liis Taul\" \/>\n\t<meta name=\"twitter:label2\" content=\"Est. reading time\" \/>\n\t<meta name=\"twitter:data2\" content=\"1 minut\" \/>\n<script type=\"application\/ld+json\" class=\"yoast-schema-graph\">{\"@context\":\"https:\/\/schema.org\",\"@graph\":[{\"@type\":\"Article\",\"@id\":\"https:\/\/www.promens.ee\/en\/promens-vottis-osa-postimees-grupp-as-ja-mtu-koos-laste-heaks-heategevusprojektist\/#article\",\"isPartOf\":{\"@id\":\"https:\/\/www.promens.ee\/en\/promens-vottis-osa-postimees-grupp-as-ja-mtu-koos-laste-heaks-heategevusprojektist\/\"},\"author\":{\"name\":\"Maarja-Liis Taul\",\"@id\":\"https:\/\/www.promens.ee\/et\/#\/schema\/person\/f98debc93100faaa99e887dce852bf5e\"},\"headline\":\"Promens v\u00f5ttis osa Postimees Grupp AS ja MT\u00dc Koos Laste Heaks heategevusprojektist\",\"datePublished\":\"2022-01-21T07:25:46+00:00\",\"mainEntityOfPage\":{\"@id\":\"https:\/\/www.promens.ee\/en\/promens-vottis-osa-postimees-grupp-as-ja-mtu-koos-laste-heaks-heategevusprojektist\/\"},\"wordCount\":97,\"publisher\":{\"@id\":\"https:\/\/www.promens.ee\/et\/#organization\"},\"image\":{\"@id\":\"https:\/\/www.promens.ee\/en\/promens-vottis-osa-postimees-grupp-as-ja-mtu-koos-laste-heaks-heategevusprojektist\/#primaryimage\"},\"thumbnailUrl\":\"https:\/\/www.promens.ee\/wp-content\/uploads\/2022\/01\/tanukiri-212x300.jpg\",\"articleSection\":[\"Uudis\"],\"inLanguage\":\"et\"},{\"@type\":\"WebPage\",\"@id\":\"https:\/\/www.promens.ee\/en\/promens-vottis-osa-postimees-grupp-as-ja-mtu-koos-laste-heaks-heategevusprojektist\/\",\"url\":\"https:\/\/www.promens.ee\/en\/promens-vottis-osa-postimees-grupp-as-ja-mtu-koos-laste-heaks-heategevusprojektist\/\",\"name\":\"Promens v\u00f5ttis osa Postimees Grupp AS ja MT\u00dc Koos Laste Heaks heategevusprojektist &#8226; Promens R\u00f5ngu AS\",\"isPartOf\":{\"@id\":\"https:\/\/www.promens.ee\/et\/#website\"},\"primaryImageOfPage\":{\"@id\":\"https:\/\/www.promens.ee\/en\/promens-vottis-osa-postimees-grupp-as-ja-mtu-koos-laste-heaks-heategevusprojektist\/#primaryimage\"},\"image\":{\"@id\":\"https:\/\/www.promens.ee\/en\/promens-vottis-osa-postimees-grupp-as-ja-mtu-koos-laste-heaks-heategevusprojektist\/#primaryimage\"},\"thumbnailUrl\":\"https:\/\/www.promens.ee\/wp-content\/uploads\/2022\/01\/tanukiri-212x300.jpg\",\"datePublished\":\"2022-01-21T07:25:46+00:00\",\"breadcrumb\":{\"@id\":\"https:\/\/www.promens.ee\/en\/promens-vottis-osa-postimees-grupp-as-ja-mtu-koos-laste-heaks-heategevusprojektist\/#breadcrumb\"},\"inLanguage\":\"et\",\"potentialAction\":[{\"@type\":\"ReadAction\",\"target\":[\"https:\/\/www.promens.ee\/en\/promens-vottis-osa-postimees-grupp-as-ja-mtu-koos-laste-heaks-heategevusprojektist\/\"]}]},{\"@type\":\"ImageObject\",\"inLanguage\":\"et\",\"@id\":\"https:\/\/www.promens.ee\/en\/promens-vottis-osa-postimees-grupp-as-ja-mtu-koos-laste-heaks-heategevusprojektist\/#primaryimage\",\"url\":\"https:\/\/www.promens.ee\/wp-content\/uploads\/2022\/01\/tanukiri-212x300.jpg\",\"contentUrl\":\"https:\/\/www.promens.ee\/wp-content\/uploads\/2022\/01\/tanukiri-212x300.jpg\"},{\"@type\":\"BreadcrumbList\",\"@id\":\"https:\/\/www.promens.ee\/en\/promens-vottis-osa-postimees-grupp-as-ja-mtu-koos-laste-heaks-heategevusprojektist\/#breadcrumb\",\"itemListElement\":[{\"@type\":\"ListItem\",\"position\":1,\"name\":\"Home\",\"item\":\"https:\/\/www.promens.ee\/et\/\"},{\"@type\":\"ListItem\",\"position\":2,\"name\":\"Promens v\u00f5ttis osa Postimees Grupp AS ja MT\u00dc Koos Laste Heaks heategevusprojektist\"}]},{\"@type\":\"WebSite\",\"@id\":\"https:\/\/www.promens.ee\/et\/#website\",\"url\":\"https:\/\/www.promens.ee\/et\/\",\"name\":\"Promens AS\",\"description\":\"Eesti \u00fcks suurim plastit\u00f6\u00f6stus\",\"publisher\":{\"@id\":\"https:\/\/www.promens.ee\/et\/#organization\"},\"potentialAction\":[{\"@type\":\"SearchAction\",\"target\":{\"@type\":\"EntryPoint\",\"urlTemplate\":\"https:\/\/www.promens.ee\/et\/?s={search_term_string}\"},\"query-input\":{\"@type\":\"PropertyValueSpecification\",\"valueRequired\":true,\"valueName\":\"search_term_string\"}}],\"inLanguage\":\"et\"},{\"@type\":\"Organization\",\"@id\":\"https:\/\/www.promens.ee\/et\/#organization\",\"name\":\"Promens AS\",\"url\":\"https:\/\/www.promens.ee\/et\/\",\"logo\":{\"@type\":\"ImageObject\",\"inLanguage\":\"et\",\"@id\":\"https:\/\/www.promens.ee\/et\/#\/schema\/logo\/image\/\",\"url\":\"https:\/\/www.promens.ee\/wp-content\/uploads\/2021\/03\/berry-promens-logo-web.png\",\"contentUrl\":\"https:\/\/www.promens.ee\/wp-content\/uploads\/2021\/03\/berry-promens-logo-web.png\",\"width\":244,\"height\":80,\"caption\":\"Promens AS\"},\"image\":{\"@id\":\"https:\/\/www.promens.ee\/et\/#\/schema\/logo\/image\/\"},\"sameAs\":[\"https:\/\/www.facebook.com\/promens.rongu\",\"https:\/\/ee.linkedin.com\/company\/promens-rongu\"]},{\"@type\":\"Person\",\"@id\":\"https:\/\/www.promens.ee\/et\/#\/schema\/person\/f98debc93100faaa99e887dce852bf5e\",\"name\":\"Maarja-Liis Taul\",\"image\":{\"@type\":\"ImageObject\",\"inLanguage\":\"et\",\"@id\":\"https:\/\/www.promens.ee\/et\/#\/schema\/person\/image\/\",\"url\":\"https:\/\/secure.gravatar.com\/avatar\/4eab211a6ba3f5b17f76fa634664567c767c06bff5443071695688d04301827f?s=96&d=mm&r=g\",\"contentUrl\":\"https:\/\/secure.gravatar.com\/avatar\/4eab211a6ba3f5b17f76fa634664567c767c06bff5443071695688d04301827f?s=96&d=mm&r=g\",\"caption\":\"Maarja-Liis Taul\"},\"url\":\"https:\/\/www.promens.ee\/et\/author\/maarja-liis\/\"}]}<\/script>\n<!-- \/ Yoast SEO plugin. -->","yoast_head_json":{"title":"Promens v\u00f5ttis osa Postimees Grupp AS ja MT\u00dc Koos Laste Heaks heategevusprojektist &#8226; Promens R\u00f5ngu AS","robots":{"index":"index","follow":"follow","max-snippet":"max-snippet:-1","max-image-preview":"max-image-preview:large","max-video-preview":"max-video-preview:-1"},"canonical":"https:\/\/www.promens.ee\/et\/promens-vottis-osa-postimees-grupp-as-ja-mtu-koos-laste-heaks-heategevusprojektist\/","og_locale":"et_EE","og_type":"article","og_title":"Promens v\u00f5ttis osa Postimees Grupp AS ja MT\u00dc Koos Laste Heaks heategevusprojektist &#8226; Promens R\u00f5ngu AS","og_description":"Promens osales eelmisel aastal Postimees Grupp AS ja MT\u00dc Koos Laste Heaks heategevusprojektis, mis kandis nime \u201eEdukad aitavad puudustkannatavaid lapsi\u201c, mille raames aidatakse majandusraskustes perekondi, et nende laste toidulaud saaks natukenegi rikkalikumaks. Projektiraames koguti sel aastal 55 000\u20ac, millest said lisa oma toidulauale 684 pere 1375 last. Loodame, et see panus muutis v\u00e4hemasti m\u00f5ne pere [&hellip;]","og_url":"https:\/\/www.promens.ee\/et\/promens-vottis-osa-postimees-grupp-as-ja-mtu-koos-laste-heaks-heategevusprojektist\/","og_site_name":"Promens R\u00f5ngu AS","article_publisher":"https:\/\/www.facebook.com\/promens.rongu","article_published_time":"2022-01-21T07:25:46+00:00","og_image":[{"url":"https:\/\/www.promens.ee\/wp-content\/uploads\/2022\/01\/tanukiri-212x300.jpg","type":"","width":"","height":""}],"author":"Maarja-Liis Taul","twitter_card":"summary_large_image","twitter_misc":{"Written by":"Maarja-Liis Taul","Est. reading time":"1 minut"},"schema":{"@context":"https:\/\/schema.org","@graph":[{"@type":"Article","@id":"https:\/\/www.promens.ee\/en\/promens-vottis-osa-postimees-grupp-as-ja-mtu-koos-laste-heaks-heategevusprojektist\/#article","isPartOf":{"@id":"https:\/\/www.promens.ee\/en\/promens-vottis-osa-postimees-grupp-as-ja-mtu-koos-laste-heaks-heategevusprojektist\/"},"author":{"name":"Maarja-Liis Taul","@id":"https:\/\/www.promens.ee\/et\/#\/schema\/person\/f98debc93100faaa99e887dce852bf5e"},"headline":"Promens v\u00f5ttis osa Postimees Grupp AS ja MT\u00dc Koos Laste Heaks heategevusprojektist","datePublished":"2022-01-21T07:25:46+00:00","mainEntityOfPage":{"@id":"https:\/\/www.promens.ee\/en\/promens-vottis-osa-postimees-grupp-as-ja-mtu-koos-laste-heaks-heategevusprojektist\/"},"wordCount":97,"publisher":{"@id":"https:\/\/www.promens.ee\/et\/#organization"},"image":{"@id":"https:\/\/www.promens.ee\/en\/promens-vottis-osa-postimees-grupp-as-ja-mtu-koos-laste-heaks-heategevusprojektist\/#primaryimage"},"thumbnailUrl":"https:\/\/www.promens.ee\/wp-content\/uploads\/2022\/01\/tanukiri-212x300.jpg","articleSection":["Uudis"],"inLanguage":"et"},{"@type":"WebPage","@id":"https:\/\/www.promens.ee\/en\/promens-vottis-osa-postimees-grupp-as-ja-mtu-koos-laste-heaks-heategevusprojektist\/","url":"https:\/\/www.promens.ee\/en\/promens-vottis-osa-postimees-grupp-as-ja-mtu-koos-laste-heaks-heategevusprojektist\/","name":"Promens v\u00f5ttis osa Postimees Grupp AS ja MT\u00dc Koos Laste Heaks heategevusprojektist &#8226; Promens R\u00f5ngu AS","isPartOf":{"@id":"https:\/\/www.promens.ee\/et\/#website"},"primaryImageOfPage":{"@id":"https:\/\/www.promens.ee\/en\/promens-vottis-osa-postimees-grupp-as-ja-mtu-koos-laste-heaks-heategevusprojektist\/#primaryimage"},"image":{"@id":"https:\/\/www.promens.ee\/en\/promens-vottis-osa-postimees-grupp-as-ja-mtu-koos-laste-heaks-heategevusprojektist\/#primaryimage"},"thumbnailUrl":"https:\/\/www.promens.ee\/wp-content\/uploads\/2022\/01\/tanukiri-212x300.jpg","datePublished":"2022-01-21T07:25:46+00:00","breadcrumb":{"@id":"https:\/\/www.promens.ee\/en\/promens-vottis-osa-postimees-grupp-as-ja-mtu-koos-laste-heaks-heategevusprojektist\/#breadcrumb"},"inLanguage":"et","potentialAction":[{"@type":"ReadAction","target":["https:\/\/www.promens.ee\/en\/promens-vottis-osa-postimees-grupp-as-ja-mtu-koos-laste-heaks-heategevusprojektist\/"]}]},{"@type":"ImageObject","inLanguage":"et","@id":"https:\/\/www.promens.ee\/en\/promens-vottis-osa-postimees-grupp-as-ja-mtu-koos-laste-heaks-heategevusprojektist\/#primaryimage","url":"https:\/\/www.promens.ee\/wp-content\/uploads\/2022\/01\/tanukiri-212x300.jpg","contentUrl":"https:\/\/www.promens.ee\/wp-content\/uploads\/2022\/01\/tanukiri-212x300.jpg"},{"@type":"BreadcrumbList","@id":"https:\/\/www.promens.ee\/en\/promens-vottis-osa-postimees-grupp-as-ja-mtu-koos-laste-heaks-heategevusprojektist\/#breadcrumb","itemListElement":[{"@type":"ListItem","position":1,"name":"Home","item":"https:\/\/www.promens.ee\/et\/"},{"@type":"ListItem","position":2,"name":"Promens v\u00f5ttis osa Postimees Grupp AS ja MT\u00dc Koos Laste Heaks heategevusprojektist"}]},{"@type":"WebSite","@id":"https:\/\/www.promens.ee\/et\/#website","url":"https:\/\/www.promens.ee\/et\/","name":"Promens AS","description":"Eesti \u00fcks suurim plastit\u00f6\u00f6stus","publisher":{"@id":"https:\/\/www.promens.ee\/et\/#organization"},"potentialAction":[{"@type":"SearchAction","target":{"@type":"EntryPoint","urlTemplate":"https:\/\/www.promens.ee\/et\/?s={search_term_string}"},"query-input":{"@type":"PropertyValueSpecification","valueRequired":true,"valueName":"search_term_string"}}],"inLanguage":"et"},{"@type":"Organization","@id":"https:\/\/www.promens.ee\/et\/#organization","name":"Promens AS","url":"https:\/\/www.promens.ee\/et\/","logo":{"@type":"ImageObject","inLanguage":"et","@id":"https:\/\/www.promens.ee\/et\/#\/schema\/logo\/image\/","url":"https:\/\/www.promens.ee\/wp-content\/uploads\/2021\/03\/berry-promens-logo-web.png","contentUrl":"https:\/\/www.promens.ee\/wp-content\/uploads\/2021\/03\/berry-promens-logo-web.png","width":244,"height":80,"caption":"Promens AS"},"image":{"@id":"https:\/\/www.promens.ee\/et\/#\/schema\/logo\/image\/"},"sameAs":["https:\/\/www.facebook.com\/promens.rongu","https:\/\/ee.linkedin.com\/company\/promens-rongu"]},{"@type":"Person","@id":"https:\/\/www.promens.ee\/et\/#\/schema\/person\/f98debc93100faaa99e887dce852bf5e","name":"Maarja-Liis Taul","image":{"@type":"ImageObject","inLanguage":"et","@id":"https:\/\/www.promens.ee\/et\/#\/schema\/person\/image\/","url":"https:\/\/secure.gravatar.com\/avatar\/4eab211a6ba3f5b17f76fa634664567c767c06bff5443071695688d04301827f?s=96&d=mm&r=g","contentUrl":"https:\/\/secure.gravatar.com\/avatar\/4eab211a6ba3f5b17f76fa634664567c767c06bff5443071695688d04301827f?s=96&d=mm&r=g","caption":"Maarja-Liis Taul"},"url":"https:\/\/www.promens.ee\/et\/author\/maarja-liis\/"}]}},"_links":{"self":[{"href":"https:\/\/www.promens.ee\/et\/wp-json\/wp\/v2\/posts\/1372","targetHints":{"allow":["GET"]}}],"collection":[{"href":"https:\/\/www.promens.ee\/et\/wp-json\/wp\/v2\/posts"}],"about":[{"href":"https:\/\/www.promens.ee\/et\/wp-json\/wp\/v2\/types\/post"}],"author":[{"embeddable":true,"href":"https:\/\/www.promens.ee\/et\/wp-json\/wp\/v2\/users\/8"}],"replies":[{"embeddable":true,"href":"https:\/\/www.promens.ee\/et\/wp-json\/wp\/v2\/comments?post=1372"}],"version-history":[{"count":2,"href":"https:\/\/www.promens.ee\/et\/wp-json\/wp\/v2\/posts\/1372\/revisions"}],"predecessor-version":[{"id":1375,"href":"https:\/\/www.promens.ee\/et\/wp-json\/wp\/v2\/posts\/1372\/revisions\/1375"}],"wp:attachment":[{"href":"https:\/\/www.promens.ee\/et\/wp-json\/wp\/v2\/media?parent=1372"}],"wp:term":[{"taxonomy":"category","embeddable":true,"href":"https:\/\/www.promens.ee\/et\/wp-json\/wp\/v2\/categories?post=1372"},{"taxonomy":"post_tag","embeddable":true,"href":"https:\/\/www.promens.ee\/et\/wp-json\/wp\/v2\/tags?post=1372"}],"curies":[{"name":"wp","href":"https:\/\/api.w.org\/{rel}","templated":true}]}}