{"id":767,"date":"2019-05-21T12:19:00","date_gmt":"2019-05-21T12:19:00","guid":{"rendered":"https:\/\/www.promens.ee\/?p=767"},"modified":"2021-06-11T13:55:18","modified_gmt":"2021-06-11T10:55:18","slug":"toetame-lastefondi","status":"publish","type":"post","link":"https:\/\/www.promens.ee\/et\/toetame-lastefondi\/","title":{"rendered":"Promens AS toetab lastefondi"},"content":{"rendered":"\n<p>Lastefond on \u00fcks suuremaid ja vanemaid lastehaiglate juurde loodud heategevusfonde. Kaheksateistk\u00fcmne tegevusaasta jooksul on fond kogunud \u00fcle 5 miljoni euro jagu annetusi ning aidanud rohkem kui 1000 last \u00fcle Eesti.<br>Promens AS on Lastefondi h\u00f5besponsor. Toetajate tunnustamiseks ja nende toetuse \u00e4ram\u00e4rkimiseks on v\u00e4lja t\u00f6\u00f6tatud Lastefondi Heategija m\u00e4rk\u2013 kui seda m\u00f5ne ettev\u00f5tte infokanalites m\u00e4rkate, teadke, et tegemist on Lastefondi abistaja ja heategijaga. Promens AS on samuti Lastefondi Heategija!<br>Rohkem infot leiate siit: <a href=\"https:\/\/www.lastefond.ee\/\" target=\"_blank\" rel=\"noreferrer noopener\">https:\/\/www.lastefond.ee\/<\/a><\/p>\n","protected":false},"excerpt":{"rendered":"<p>Lastefond on \u00fcks suuremaid ja vanemaid lastehaiglate juurde loodud heategevusfonde. Kaheksateistk\u00fcmne tegevusaasta jooksul on fond kogunud \u00fcle 5 miljoni euro jagu annetusi ning aidanud rohkem kui 1000 last \u00fcle Eesti.Promens AS on Lastefondi h\u00f5besponsor. Toetajate tunnustamiseks ja nende toetuse \u00e4ram\u00e4rkimiseks on v\u00e4lja t\u00f6\u00f6tatud Lastefondi Heategija m\u00e4rk\u2013 kui seda m\u00f5ne ettev\u00f5tte infokanalites m\u00e4rkate, teadke, et tegemist [&hellip;]<\/p>\n","protected":false},"author":1,"featured_media":1077,"comment_status":"closed","ping_status":"open","sticky":false,"template":"","format":"standard","meta":{"ocean_post_layout":"","ocean_both_sidebars_style":"","ocean_both_sidebars_content_width":0,"ocean_both_sidebars_sidebars_width":0,"ocean_sidebar":"0","ocean_second_sidebar":"0","ocean_disable_margins":"enable","ocean_add_body_class":"","ocean_shortcode_before_top_bar":"","ocean_shortcode_after_top_bar":"","ocean_shortcode_before_header":"","ocean_shortcode_after_header":"","ocean_has_shortcode":"","ocean_shortcode_after_title":"","ocean_shortcode_before_footer_widgets":"","ocean_shortcode_after_footer_widgets":"","ocean_shortcode_before_footer_bottom":"","ocean_shortcode_after_footer_bottom":"","ocean_display_top_bar":"default","ocean_display_header":"default","ocean_header_style":"","ocean_center_header_left_menu":"0","ocean_custom_header_template":"0","ocean_custom_logo":0,"ocean_custom_retina_logo":0,"ocean_custom_logo_max_width":0,"ocean_custom_logo_tablet_max_width":0,"ocean_custom_logo_mobile_max_width":0,"ocean_custom_logo_max_height":0,"ocean_custom_logo_tablet_max_height":0,"ocean_custom_logo_mobile_max_height":0,"ocean_header_custom_menu":"0","ocean_menu_typo_font_family":"0","ocean_menu_typo_font_subset":"","ocean_menu_typo_font_size":0,"ocean_menu_typo_font_size_tablet":0,"ocean_menu_typo_font_size_mobile":0,"ocean_menu_typo_font_size_unit":"px","ocean_menu_typo_font_weight":"","ocean_menu_typo_font_weight_tablet":"","ocean_menu_typo_font_weight_mobile":"","ocean_menu_typo_transform":"","ocean_menu_typo_transform_tablet":"","ocean_menu_typo_transform_mobile":"","ocean_menu_typo_line_height":0,"ocean_menu_typo_line_height_tablet":0,"ocean_menu_typo_line_height_mobile":0,"ocean_menu_typo_line_height_unit":"","ocean_menu_typo_spacing":0,"ocean_menu_typo_spacing_tablet":0,"ocean_menu_typo_spacing_mobile":0,"ocean_menu_typo_spacing_unit":"","ocean_menu_link_color":"","ocean_menu_link_color_hover":"","ocean_menu_link_color_active":"","ocean_menu_link_background":"","ocean_menu_link_hover_background":"","ocean_menu_link_active_background":"","ocean_menu_social_links_bg":"","ocean_menu_social_hover_links_bg":"","ocean_menu_social_links_color":"","ocean_menu_social_hover_links_color":"","ocean_disable_title":"default","ocean_disable_heading":"default","ocean_post_title":"","ocean_post_subheading":"","ocean_post_title_style":"","ocean_post_title_background_color":"","ocean_post_title_background":0,"ocean_post_title_bg_image_position":"","ocean_post_title_bg_image_attachment":"","ocean_post_title_bg_image_repeat":"","ocean_post_title_bg_image_size":"","ocean_post_title_height":0,"ocean_post_title_bg_overlay":0.5,"ocean_post_title_bg_overlay_color":"","ocean_disable_breadcrumbs":"default","ocean_breadcrumbs_color":"","ocean_breadcrumbs_separator_color":"","ocean_breadcrumbs_links_color":"","ocean_breadcrumbs_links_hover_color":"","ocean_display_footer_widgets":"default","ocean_display_footer_bottom":"default","ocean_custom_footer_template":"0","ocean_post_oembed":"","ocean_post_self_hosted_media":"","ocean_post_video_embed":"","ocean_link_format":"","ocean_link_format_target":"self","ocean_quote_format":"","ocean_quote_format_link":"post","ocean_gallery_link_images":"off","ocean_gallery_id":[],"footnotes":""},"categories":[75],"tags":[],"class_list":["post-767","post","type-post","status-publish","format-standard","has-post-thumbnail","hentry","category-uudis","entry","has-media","owp-thumbs-layout-horizontal","owp-btn-normal","owp-tabs-layout-horizontal","has-no-thumbnails","has-product-nav"],"yoast_head":"<!-- This site is optimized with the Yoast SEO plugin v25.6 - https:\/\/yoast.com\/wordpress\/plugins\/seo\/ -->\n<title>Promens AS toetab lastefondi &#8226; Promens R\u00f5ngu AS<\/title>\n<meta name=\"robots\" content=\"index, follow, max-snippet:-1, max-image-preview:large, max-video-preview:-1\" \/>\n<link rel=\"canonical\" href=\"https:\/\/www.promens.ee\/et\/toetame-lastefondi\/\" \/>\n<meta property=\"og:locale\" content=\"et_EE\" \/>\n<meta property=\"og:type\" content=\"article\" \/>\n<meta property=\"og:title\" content=\"Promens AS toetab lastefondi &#8226; Promens R\u00f5ngu AS\" \/>\n<meta property=\"og:description\" content=\"Lastefond on \u00fcks suuremaid ja vanemaid lastehaiglate juurde loodud heategevusfonde. Kaheksateistk\u00fcmne tegevusaasta jooksul on fond kogunud \u00fcle 5 miljoni euro jagu annetusi ning aidanud rohkem kui 1000 last \u00fcle Eesti.Promens AS on Lastefondi h\u00f5besponsor. Toetajate tunnustamiseks ja nende toetuse \u00e4ram\u00e4rkimiseks on v\u00e4lja t\u00f6\u00f6tatud Lastefondi Heategija m\u00e4rk\u2013 kui seda m\u00f5ne ettev\u00f5tte infokanalites m\u00e4rkate, teadke, et tegemist [&hellip;]\" \/>\n<meta property=\"og:url\" content=\"https:\/\/www.promens.ee\/et\/toetame-lastefondi\/\" \/>\n<meta property=\"og:site_name\" content=\"Promens R\u00f5ngu AS\" \/>\n<meta property=\"article:publisher\" content=\"https:\/\/www.facebook.com\/promens.rongu\" \/>\n<meta property=\"article:published_time\" content=\"2019-05-21T12:19:00+00:00\" \/>\n<meta property=\"article:modified_time\" content=\"2021-06-11T10:55:18+00:00\" \/>\n<meta property=\"og:image\" content=\"https:\/\/www.promens.ee\/wp-content\/uploads\/2021\/06\/Lastefond_logo_Heategija_RGB-1024x546-1.jpg\" \/>\n\t<meta property=\"og:image:width\" content=\"1024\" \/>\n\t<meta property=\"og:image:height\" content=\"546\" \/>\n\t<meta property=\"og:image:type\" content=\"image\/jpeg\" \/>\n<meta name=\"author\" content=\"Janar\" \/>\n<meta name=\"twitter:card\" content=\"summary_large_image\" \/>\n<meta name=\"twitter:label1\" content=\"Written by\" \/>\n\t<meta name=\"twitter:data1\" content=\"Janar\" \/>\n\t<meta name=\"twitter:label2\" content=\"Est. reading time\" \/>\n\t<meta name=\"twitter:data2\" content=\"1 minut\" \/>\n<script type=\"application\/ld+json\" class=\"yoast-schema-graph\">{\"@context\":\"https:\/\/schema.org\",\"@graph\":[{\"@type\":\"Article\",\"@id\":\"https:\/\/www.promens.ee\/en\/toetame-lastefondi\/#article\",\"isPartOf\":{\"@id\":\"https:\/\/www.promens.ee\/en\/toetame-lastefondi\/\"},\"author\":{\"name\":\"Janar\",\"@id\":\"https:\/\/www.promens.ee\/et\/#\/schema\/person\/b0e088befc0b89778cd78a40a0505354\"},\"headline\":\"Promens AS toetab lastefondi\",\"datePublished\":\"2019-05-21T12:19:00+00:00\",\"dateModified\":\"2021-06-11T10:55:18+00:00\",\"mainEntityOfPage\":{\"@id\":\"https:\/\/www.promens.ee\/en\/toetame-lastefondi\/\"},\"wordCount\":86,\"publisher\":{\"@id\":\"https:\/\/www.promens.ee\/et\/#organization\"},\"image\":{\"@id\":\"https:\/\/www.promens.ee\/en\/toetame-lastefondi\/#primaryimage\"},\"thumbnailUrl\":\"https:\/\/www.promens.ee\/wp-content\/uploads\/2021\/06\/Lastefond_logo_Heategija_RGB-1024x546-1.jpg\",\"articleSection\":[\"Uudis\"],\"inLanguage\":\"et\"},{\"@type\":\"WebPage\",\"@id\":\"https:\/\/www.promens.ee\/en\/toetame-lastefondi\/\",\"url\":\"https:\/\/www.promens.ee\/en\/toetame-lastefondi\/\",\"name\":\"Promens AS toetab lastefondi &#8226; Promens R\u00f5ngu AS\",\"isPartOf\":{\"@id\":\"https:\/\/www.promens.ee\/et\/#website\"},\"primaryImageOfPage\":{\"@id\":\"https:\/\/www.promens.ee\/en\/toetame-lastefondi\/#primaryimage\"},\"image\":{\"@id\":\"https:\/\/www.promens.ee\/en\/toetame-lastefondi\/#primaryimage\"},\"thumbnailUrl\":\"https:\/\/www.promens.ee\/wp-content\/uploads\/2021\/06\/Lastefond_logo_Heategija_RGB-1024x546-1.jpg\",\"datePublished\":\"2019-05-21T12:19:00+00:00\",\"dateModified\":\"2021-06-11T10:55:18+00:00\",\"breadcrumb\":{\"@id\":\"https:\/\/www.promens.ee\/en\/toetame-lastefondi\/#breadcrumb\"},\"inLanguage\":\"et\",\"potentialAction\":[{\"@type\":\"ReadAction\",\"target\":[\"https:\/\/www.promens.ee\/en\/toetame-lastefondi\/\"]}]},{\"@type\":\"ImageObject\",\"inLanguage\":\"et\",\"@id\":\"https:\/\/www.promens.ee\/en\/toetame-lastefondi\/#primaryimage\",\"url\":\"https:\/\/www.promens.ee\/wp-content\/uploads\/2021\/06\/Lastefond_logo_Heategija_RGB-1024x546-1.jpg\",\"contentUrl\":\"https:\/\/www.promens.ee\/wp-content\/uploads\/2021\/06\/Lastefond_logo_Heategija_RGB-1024x546-1.jpg\",\"width\":1024,\"height\":546},{\"@type\":\"BreadcrumbList\",\"@id\":\"https:\/\/www.promens.ee\/en\/toetame-lastefondi\/#breadcrumb\",\"itemListElement\":[{\"@type\":\"ListItem\",\"position\":1,\"name\":\"Home\",\"item\":\"https:\/\/www.promens.ee\/et\/\"},{\"@type\":\"ListItem\",\"position\":2,\"name\":\"Promens AS toetab lastefondi\"}]},{\"@type\":\"WebSite\",\"@id\":\"https:\/\/www.promens.ee\/et\/#website\",\"url\":\"https:\/\/www.promens.ee\/et\/\",\"name\":\"Promens AS\",\"description\":\"Eesti \u00fcks suurim plastit\u00f6\u00f6stus\",\"publisher\":{\"@id\":\"https:\/\/www.promens.ee\/et\/#organization\"},\"potentialAction\":[{\"@type\":\"SearchAction\",\"target\":{\"@type\":\"EntryPoint\",\"urlTemplate\":\"https:\/\/www.promens.ee\/et\/?s={search_term_string}\"},\"query-input\":{\"@type\":\"PropertyValueSpecification\",\"valueRequired\":true,\"valueName\":\"search_term_string\"}}],\"inLanguage\":\"et\"},{\"@type\":\"Organization\",\"@id\":\"https:\/\/www.promens.ee\/et\/#organization\",\"name\":\"Promens AS\",\"url\":\"https:\/\/www.promens.ee\/et\/\",\"logo\":{\"@type\":\"ImageObject\",\"inLanguage\":\"et\",\"@id\":\"https:\/\/www.promens.ee\/et\/#\/schema\/logo\/image\/\",\"url\":\"https:\/\/www.promens.ee\/wp-content\/uploads\/2021\/03\/berry-promens-logo-web.png\",\"contentUrl\":\"https:\/\/www.promens.ee\/wp-content\/uploads\/2021\/03\/berry-promens-logo-web.png\",\"width\":244,\"height\":80,\"caption\":\"Promens AS\"},\"image\":{\"@id\":\"https:\/\/www.promens.ee\/et\/#\/schema\/logo\/image\/\"},\"sameAs\":[\"https:\/\/www.facebook.com\/promens.rongu\",\"https:\/\/ee.linkedin.com\/company\/promens-rongu\"]},{\"@type\":\"Person\",\"@id\":\"https:\/\/www.promens.ee\/et\/#\/schema\/person\/b0e088befc0b89778cd78a40a0505354\",\"name\":\"Janar\",\"image\":{\"@type\":\"ImageObject\",\"inLanguage\":\"et\",\"@id\":\"https:\/\/www.promens.ee\/et\/#\/schema\/person\/image\/\",\"url\":\"https:\/\/secure.gravatar.com\/avatar\/68a4f6640debc2bc5c9236e28714c573dac7f48a586942157393f983f0999486?s=96&d=mm&r=g\",\"contentUrl\":\"https:\/\/secure.gravatar.com\/avatar\/68a4f6640debc2bc5c9236e28714c573dac7f48a586942157393f983f0999486?s=96&d=mm&r=g\",\"caption\":\"Janar\"},\"description\":\"Arendusjuht\",\"url\":\"https:\/\/www.promens.ee\/et\/author\/janar\/\"}]}<\/script>\n<!-- \/ Yoast SEO plugin. -->","yoast_head_json":{"title":"Promens AS toetab lastefondi &#8226; Promens R\u00f5ngu AS","robots":{"index":"index","follow":"follow","max-snippet":"max-snippet:-1","max-image-preview":"max-image-preview:large","max-video-preview":"max-video-preview:-1"},"canonical":"https:\/\/www.promens.ee\/et\/toetame-lastefondi\/","og_locale":"et_EE","og_type":"article","og_title":"Promens AS toetab lastefondi &#8226; Promens R\u00f5ngu AS","og_description":"Lastefond on \u00fcks suuremaid ja vanemaid lastehaiglate juurde loodud heategevusfonde. Kaheksateistk\u00fcmne tegevusaasta jooksul on fond kogunud \u00fcle 5 miljoni euro jagu annetusi ning aidanud rohkem kui 1000 last \u00fcle Eesti.Promens AS on Lastefondi h\u00f5besponsor. Toetajate tunnustamiseks ja nende toetuse \u00e4ram\u00e4rkimiseks on v\u00e4lja t\u00f6\u00f6tatud Lastefondi Heategija m\u00e4rk\u2013 kui seda m\u00f5ne ettev\u00f5tte infokanalites m\u00e4rkate, teadke, et tegemist [&hellip;]","og_url":"https:\/\/www.promens.ee\/et\/toetame-lastefondi\/","og_site_name":"Promens R\u00f5ngu AS","article_publisher":"https:\/\/www.facebook.com\/promens.rongu","article_published_time":"2019-05-21T12:19:00+00:00","article_modified_time":"2021-06-11T10:55:18+00:00","og_image":[{"width":1024,"height":546,"url":"https:\/\/www.promens.ee\/wp-content\/uploads\/2021\/06\/Lastefond_logo_Heategija_RGB-1024x546-1.jpg","type":"image\/jpeg"}],"author":"Janar","twitter_card":"summary_large_image","twitter_misc":{"Written by":"Janar","Est. reading time":"1 minut"},"schema":{"@context":"https:\/\/schema.org","@graph":[{"@type":"Article","@id":"https:\/\/www.promens.ee\/en\/toetame-lastefondi\/#article","isPartOf":{"@id":"https:\/\/www.promens.ee\/en\/toetame-lastefondi\/"},"author":{"name":"Janar","@id":"https:\/\/www.promens.ee\/et\/#\/schema\/person\/b0e088befc0b89778cd78a40a0505354"},"headline":"Promens AS toetab lastefondi","datePublished":"2019-05-21T12:19:00+00:00","dateModified":"2021-06-11T10:55:18+00:00","mainEntityOfPage":{"@id":"https:\/\/www.promens.ee\/en\/toetame-lastefondi\/"},"wordCount":86,"publisher":{"@id":"https:\/\/www.promens.ee\/et\/#organization"},"image":{"@id":"https:\/\/www.promens.ee\/en\/toetame-lastefondi\/#primaryimage"},"thumbnailUrl":"https:\/\/www.promens.ee\/wp-content\/uploads\/2021\/06\/Lastefond_logo_Heategija_RGB-1024x546-1.jpg","articleSection":["Uudis"],"inLanguage":"et"},{"@type":"WebPage","@id":"https:\/\/www.promens.ee\/en\/toetame-lastefondi\/","url":"https:\/\/www.promens.ee\/en\/toetame-lastefondi\/","name":"Promens AS toetab lastefondi &#8226; Promens R\u00f5ngu AS","isPartOf":{"@id":"https:\/\/www.promens.ee\/et\/#website"},"primaryImageOfPage":{"@id":"https:\/\/www.promens.ee\/en\/toetame-lastefondi\/#primaryimage"},"image":{"@id":"https:\/\/www.promens.ee\/en\/toetame-lastefondi\/#primaryimage"},"thumbnailUrl":"https:\/\/www.promens.ee\/wp-content\/uploads\/2021\/06\/Lastefond_logo_Heategija_RGB-1024x546-1.jpg","datePublished":"2019-05-21T12:19:00+00:00","dateModified":"2021-06-11T10:55:18+00:00","breadcrumb":{"@id":"https:\/\/www.promens.ee\/en\/toetame-lastefondi\/#breadcrumb"},"inLanguage":"et","potentialAction":[{"@type":"ReadAction","target":["https:\/\/www.promens.ee\/en\/toetame-lastefondi\/"]}]},{"@type":"ImageObject","inLanguage":"et","@id":"https:\/\/www.promens.ee\/en\/toetame-lastefondi\/#primaryimage","url":"https:\/\/www.promens.ee\/wp-content\/uploads\/2021\/06\/Lastefond_logo_Heategija_RGB-1024x546-1.jpg","contentUrl":"https:\/\/www.promens.ee\/wp-content\/uploads\/2021\/06\/Lastefond_logo_Heategija_RGB-1024x546-1.jpg","width":1024,"height":546},{"@type":"BreadcrumbList","@id":"https:\/\/www.promens.ee\/en\/toetame-lastefondi\/#breadcrumb","itemListElement":[{"@type":"ListItem","position":1,"name":"Home","item":"https:\/\/www.promens.ee\/et\/"},{"@type":"ListItem","position":2,"name":"Promens AS toetab lastefondi"}]},{"@type":"WebSite","@id":"https:\/\/www.promens.ee\/et\/#website","url":"https:\/\/www.promens.ee\/et\/","name":"Promens AS","description":"Eesti \u00fcks suurim plastit\u00f6\u00f6stus","publisher":{"@id":"https:\/\/www.promens.ee\/et\/#organization"},"potentialAction":[{"@type":"SearchAction","target":{"@type":"EntryPoint","urlTemplate":"https:\/\/www.promens.ee\/et\/?s={search_term_string}"},"query-input":{"@type":"PropertyValueSpecification","valueRequired":true,"valueName":"search_term_string"}}],"inLanguage":"et"},{"@type":"Organization","@id":"https:\/\/www.promens.ee\/et\/#organization","name":"Promens AS","url":"https:\/\/www.promens.ee\/et\/","logo":{"@type":"ImageObject","inLanguage":"et","@id":"https:\/\/www.promens.ee\/et\/#\/schema\/logo\/image\/","url":"https:\/\/www.promens.ee\/wp-content\/uploads\/2021\/03\/berry-promens-logo-web.png","contentUrl":"https:\/\/www.promens.ee\/wp-content\/uploads\/2021\/03\/berry-promens-logo-web.png","width":244,"height":80,"caption":"Promens AS"},"image":{"@id":"https:\/\/www.promens.ee\/et\/#\/schema\/logo\/image\/"},"sameAs":["https:\/\/www.facebook.com\/promens.rongu","https:\/\/ee.linkedin.com\/company\/promens-rongu"]},{"@type":"Person","@id":"https:\/\/www.promens.ee\/et\/#\/schema\/person\/b0e088befc0b89778cd78a40a0505354","name":"Janar","image":{"@type":"ImageObject","inLanguage":"et","@id":"https:\/\/www.promens.ee\/et\/#\/schema\/person\/image\/","url":"https:\/\/secure.gravatar.com\/avatar\/68a4f6640debc2bc5c9236e28714c573dac7f48a586942157393f983f0999486?s=96&d=mm&r=g","contentUrl":"https:\/\/secure.gravatar.com\/avatar\/68a4f6640debc2bc5c9236e28714c573dac7f48a586942157393f983f0999486?s=96&d=mm&r=g","caption":"Janar"},"description":"Arendusjuht","url":"https:\/\/www.promens.ee\/et\/author\/janar\/"}]}},"_links":{"self":[{"href":"https:\/\/www.promens.ee\/et\/wp-json\/wp\/v2\/posts\/767","targetHints":{"allow":["GET"]}}],"collection":[{"href":"https:\/\/www.promens.ee\/et\/wp-json\/wp\/v2\/posts"}],"about":[{"href":"https:\/\/www.promens.ee\/et\/wp-json\/wp\/v2\/types\/post"}],"author":[{"embeddable":true,"href":"https:\/\/www.promens.ee\/et\/wp-json\/wp\/v2\/users\/1"}],"replies":[{"embeddable":true,"href":"https:\/\/www.promens.ee\/et\/wp-json\/wp\/v2\/comments?post=767"}],"version-history":[{"count":4,"href":"https:\/\/www.promens.ee\/et\/wp-json\/wp\/v2\/posts\/767\/revisions"}],"predecessor-version":[{"id":1103,"href":"https:\/\/www.promens.ee\/et\/wp-json\/wp\/v2\/posts\/767\/revisions\/1103"}],"wp:featuredmedia":[{"embeddable":true,"href":"https:\/\/www.promens.ee\/et\/wp-json\/wp\/v2\/media\/1077"}],"wp:attachment":[{"href":"https:\/\/www.promens.ee\/et\/wp-json\/wp\/v2\/media?parent=767"}],"wp:term":[{"taxonomy":"category","embeddable":true,"href":"https:\/\/www.promens.ee\/et\/wp-json\/wp\/v2\/categories?post=767"},{"taxonomy":"post_tag","embeddable":true,"href":"https:\/\/www.promens.ee\/et\/wp-json\/wp\/v2\/tags?post=767"}],"curies":[{"name":"wp","href":"https:\/\/api.w.org\/{rel}","templated":true}]}}